{"id":322034,"date":"2025-05-28T08:02:58","date_gmt":"2025-05-28T05:02:58","guid":{"rendered":"https:\/\/sana.sy\/tr\/?p=322034"},"modified":"2025-05-28T09:49:11","modified_gmt":"2025-05-28T06:49:11","slug":"icisleri-bakani-uluslararasi-af-orgutu-heyetiyle-isbirliginin-artirilmasi-yollarini-gorustu","status":"publish","type":"post","link":"https:\/\/archive.sana.sy\/tr\/?p=322034","title":{"rendered":"\u0130\u00e7i\u015fleri Bakan\u0131, Uluslararas\u0131 Af \u00d6rg\u00fct\u00fc Heyetiyle \u0130\u015fbirli\u011finin Art\u0131r\u0131lmas\u0131 Yollar\u0131n\u0131 G\u00f6r\u00fc\u015ft\u00fc"},"content":{"rendered":"<p style=\"text-align: justify;\"><strong>\u015eAM (SANA) \u2013<\/strong> \u0130\u00e7i\u015fleri Bakan\u0131 Anas Hattab, Uluslararas\u0131 Af \u00d6rg\u00fct\u00fc&#8217;nden Christine Beckerle ba\u015fkanl\u0131\u011f\u0131ndaki heyetle bir araya geldi.<\/p>\n<p style=\"text-align: justify;\">Bakanl\u0131k binas\u0131nda ger\u00e7ekle\u015ftirilen g\u00f6r\u00fc\u015fmede, \u00f6zellikle g\u00f6zalt\u0131 ve sorgulama merkezlerinde insan haklar\u0131n\u0131n korunmas\u0131 alan\u0131nda i\u015f birli\u011finin art\u0131r\u0131lmas\u0131 ve g\u00f6zalt\u0131na al\u0131nanlar\u0131n uluslararas\u0131 standartlara uygun \u015fekilde muamele g\u00f6rmesinin sa\u011flanmas\u0131 konular\u0131 ele al\u0131nd\u0131.<\/p>\n<p style=\"text-align: justify;\">Bakanl\u0131\u011f\u0131n cezaevleri ko\u015fullar\u0131n\u0131 iyile\u015ftirmeye y\u00f6nelik \u00e7al\u0131\u015fmalar\u0131n\u0131n yan\u0131 s\u0131ra, ge\u00e7i\u015f adaleti ve kay\u0131p \u015fah\u0131slarla ilgili konularda ortak i\u015f birli\u011fi yap\u0131lmas\u0131 konular\u0131 da g\u00f6r\u00fc\u015f\u00fcld\u00fc.<\/p>\n","protected":false},"excerpt":{"rendered":"<p>\u015eAM (SANA) \u2013 \u0130\u00e7i\u015fleri Bakan\u0131 Anas Hattab, Uluslararas\u0131 Af \u00d6rg\u00fct\u00fc&#8217;nden Christine Beckerle ba\u015fkanl\u0131\u011f\u0131ndaki heyetle bir araya geldi. Bakanl\u0131k binas\u0131nda ger\u00e7ekle\u015ftirilen g\u00f6r\u00fc\u015fmede, \u00f6zellikle g\u00f6zalt\u0131 ve sorgulama merkezlerinde insan haklar\u0131n\u0131n korunmas\u0131 alan\u0131nda i\u015f birli\u011finin art\u0131r\u0131lmas\u0131 ve g\u00f6zalt\u0131na al\u0131nanlar\u0131n uluslararas\u0131 standartlara uygun \u015fekilde muamele g\u00f6rmesinin sa\u011flanmas\u0131 konular\u0131 ele al\u0131nd\u0131. Bakanl\u0131\u011f\u0131n cezaevleri ko\u015fullar\u0131n\u0131 iyile\u015ftirmeye y\u00f6nelik \u00e7al\u0131\u015fmalar\u0131n\u0131n yan\u0131 s\u0131ra, ge\u00e7i\u015f &hellip;<\/p>\n","protected":false},"author":39,"featured_media":322035,"comment_status":"closed","ping_status":"closed","sticky":false,"template":"","format":"standard","meta":{"footnotes":""},"categories":[589,479,17988,478],"tags":[],"class_list":["post-322034","post","type-post","status-publish","format-standard","has-post-thumbnail","","category-haber-seridi","category-haberler-yerel","category-son-haberler","category-yerel"],"_links":{"self":[{"href":"https:\/\/archive.sana.sy\/tr\/index.php?rest_route=\/wp\/v2\/posts\/322034","targetHints":{"allow":["GET"]}}],"collection":[{"href":"https:\/\/archive.sana.sy\/tr\/index.php?rest_route=\/wp\/v2\/posts"}],"about":[{"href":"https:\/\/archive.sana.sy\/tr\/index.php?rest_route=\/wp\/v2\/types\/post"}],"author":[{"embeddable":true,"href":"https:\/\/archive.sana.sy\/tr\/index.php?rest_route=\/wp\/v2\/users\/39"}],"replies":[{"embeddable":true,"href":"https:\/\/archive.sana.sy\/tr\/index.php?rest_route=%2Fwp%2Fv2%2Fcomments&post=322034"}],"version-history":[{"count":1,"href":"https:\/\/archive.sana.sy\/tr\/index.php?rest_route=\/wp\/v2\/posts\/322034\/revisions"}],"predecessor-version":[{"id":322036,"href":"https:\/\/archive.sana.sy\/tr\/index.php?rest_route=\/wp\/v2\/posts\/322034\/revisions\/322036"}],"wp:featuredmedia":[{"embeddable":true,"href":"https:\/\/archive.sana.sy\/tr\/index.php?rest_route=\/wp\/v2\/media\/322035"}],"wp:attachment":[{"href":"https:\/\/archive.sana.sy\/tr\/index.php?rest_route=%2Fwp%2Fv2%2Fmedia&parent=322034"}],"wp:term":[{"taxonomy":"category","embeddable":true,"href":"https:\/\/archive.sana.sy\/tr\/index.php?rest_route=%2Fwp%2Fv2%2Fcategories&post=322034"},{"taxonomy":"post_tag","embeddable":true,"href":"https:\/\/archive.sana.sy\/tr\/index.php?rest_route=%2Fwp%2Fv2%2Ftags&post=322034"}],"curies":[{"name":"wp","href":"https:\/\/api.w.org\/{rel}","templated":true}]}}