{"id":322037,"date":"2025-05-28T07:55:58","date_gmt":"2025-05-28T04:55:58","guid":{"rendered":"https:\/\/sana.sy\/tr\/?p=322037"},"modified":"2025-05-28T09:56:22","modified_gmt":"2025-05-28T06:56:22","slug":"icisleri-bakan-yardimcisi-lubnan-ordusundan-bir-heyetle-sinir-guvenliginin-saglanmasi-icin-is-birliginin-artirilmasi-yollarini-gorustu","status":"publish","type":"post","link":"https:\/\/archive.sana.sy\/tr\/?p=322037","title":{"rendered":"\u0130\u00e7i\u015fleri Bakan Yard\u0131mc\u0131s\u0131, L\u00fcbnan Ordusundan Bir Heyetle, S\u0131n\u0131r G\u00fcvenli\u011finin Sa\u011flanmas\u0131 \u0130\u00e7in \u0130\u015f Birli\u011finin Art\u0131r\u0131lmas\u0131 Yollar\u0131n\u0131 G\u00f6r\u00fc\u015ft\u00fc"},"content":{"rendered":"<p style=\"text-align: justify;\"><strong>\u015eAM (SANA)<\/strong> \u2013 \u0130\u00e7i\u015fleri Bakan Yard\u0131mc\u0131s\u0131 T\u00fcmgeneral Ahmed Latuf, Tu\u011fgeneral Mi\u015fel Butros ba\u015fkanl\u0131\u011f\u0131ndaki L\u00fcbnan Ordusu heyetiyle bir araya geldi.<\/p>\n<p style=\"text-align: justify;\">\u0130\u00e7i\u015fleri Bakanl\u0131\u011f\u0131&#8217;n\u0131n Telegram kanal\u0131ndan yap\u0131lan a\u00e7\u0131klamaya g\u00f6re, Bakanl\u0131kta ger\u00e7ekle\u015fen g\u00f6r\u00fc\u015fmede, Suriye-L\u00fcbnan s\u0131n\u0131r\u0131ndaki son geli\u015fmeler ve s\u0131n\u0131r ge\u00e7i\u015flerinin kontrol\u00fc ile ka\u00e7ak\u00e7\u0131l\u0131k operasyonlar\u0131n\u0131n \u00f6nlenmesi i\u00e7in ortak i\u015f birli\u011finin art\u0131r\u0131lmas\u0131 yollar\u0131 ele al\u0131nd\u0131.<\/p>\n<div id='gallery-1' class='gallery galleryid-322037 gallery-columns-1 gallery-size-full'><figure class='gallery-item'>\n\t\t\t<div class='gallery-icon landscape'>\n\t\t\t\t<a href='https:\/\/archive.sana.sy\/tr\/wp-content\/uploads\/2025\/05\/0000000000000.jpg'><img loading=\"lazy\" decoding=\"async\" width=\"660\" height=\"440\" src=\"https:\/\/archive.sana.sy\/tr\/wp-content\/uploads\/2025\/05\/0000000000000.jpg\" class=\"attachment-full size-full\" alt=\"\" srcset=\"https:\/\/archive.sana.sy\/tr\/wp-content\/uploads\/2025\/05\/0000000000000.jpg 660w, https:\/\/archive.sana.sy\/tr\/wp-content\/uploads\/2025\/05\/0000000000000-300x200.jpg 300w\" sizes=\"auto, (max-width: 660px) 100vw, 660px\" \/><\/a>\n\t\t\t<\/div><\/figure>\n\t\t<\/div>\n\n","protected":false},"excerpt":{"rendered":"<p>\u015eAM (SANA) \u2013 \u0130\u00e7i\u015fleri Bakan Yard\u0131mc\u0131s\u0131 T\u00fcmgeneral Ahmed Latuf, Tu\u011fgeneral Mi\u015fel Butros ba\u015fkanl\u0131\u011f\u0131ndaki L\u00fcbnan Ordusu heyetiyle bir araya geldi. \u0130\u00e7i\u015fleri Bakanl\u0131\u011f\u0131&#8217;n\u0131n Telegram kanal\u0131ndan yap\u0131lan a\u00e7\u0131klamaya g\u00f6re, Bakanl\u0131kta ger\u00e7ekle\u015fen g\u00f6r\u00fc\u015fmede, Suriye-L\u00fcbnan s\u0131n\u0131r\u0131ndaki son geli\u015fmeler ve s\u0131n\u0131r ge\u00e7i\u015flerinin kontrol\u00fc ile ka\u00e7ak\u00e7\u0131l\u0131k operasyonlar\u0131n\u0131n \u00f6nlenmesi i\u00e7in ortak i\u015f birli\u011finin art\u0131r\u0131lmas\u0131 yollar\u0131 ele al\u0131nd\u0131.<\/p>\n","protected":false},"author":39,"featured_media":322038,"comment_status":"closed","ping_status":"closed","sticky":false,"template":"","format":"standard","meta":{"footnotes":""},"categories":[589,479,17988,478],"tags":[],"class_list":["post-322037","post","type-post","status-publish","format-standard","has-post-thumbnail","","category-haber-seridi","category-haberler-yerel","category-son-haberler","category-yerel"],"_links":{"self":[{"href":"https:\/\/archive.sana.sy\/tr\/index.php?rest_route=\/wp\/v2\/posts\/322037","targetHints":{"allow":["GET"]}}],"collection":[{"href":"https:\/\/archive.sana.sy\/tr\/index.php?rest_route=\/wp\/v2\/posts"}],"about":[{"href":"https:\/\/archive.sana.sy\/tr\/index.php?rest_route=\/wp\/v2\/types\/post"}],"author":[{"embeddable":true,"href":"https:\/\/archive.sana.sy\/tr\/index.php?rest_route=\/wp\/v2\/users\/39"}],"replies":[{"embeddable":true,"href":"https:\/\/archive.sana.sy\/tr\/index.php?rest_route=%2Fwp%2Fv2%2Fcomments&post=322037"}],"version-history":[{"count":1,"href":"https:\/\/archive.sana.sy\/tr\/index.php?rest_route=\/wp\/v2\/posts\/322037\/revisions"}],"predecessor-version":[{"id":322040,"href":"https:\/\/archive.sana.sy\/tr\/index.php?rest_route=\/wp\/v2\/posts\/322037\/revisions\/322040"}],"wp:featuredmedia":[{"embeddable":true,"href":"https:\/\/archive.sana.sy\/tr\/index.php?rest_route=\/wp\/v2\/media\/322038"}],"wp:attachment":[{"href":"https:\/\/archive.sana.sy\/tr\/index.php?rest_route=%2Fwp%2Fv2%2Fmedia&parent=322037"}],"wp:term":[{"taxonomy":"category","embeddable":true,"href":"https:\/\/archive.sana.sy\/tr\/index.php?rest_route=%2Fwp%2Fv2%2Fcategories&post=322037"},{"taxonomy":"post_tag","embeddable":true,"href":"https:\/\/archive.sana.sy\/tr\/index.php?rest_route=%2Fwp%2Fv2%2Ftags&post=322037"}],"curies":[{"name":"wp","href":"https:\/\/api.w.org\/{rel}","templated":true}]}}