{"id":322041,"date":"2025-05-28T10:06:09","date_gmt":"2025-05-28T07:06:09","guid":{"rendered":"https:\/\/sana.sy\/tr\/?p=322041"},"modified":"2025-05-28T10:13:31","modified_gmt":"2025-05-28T07:13:31","slug":"dera-ic-guvenlik-gucleri-eyaletin-kuzey-kirsalindaki-casimde-guvenlik-operasyonu-baslatti","status":"publish","type":"post","link":"https:\/\/archive.sana.sy\/tr\/?p=322041","title":{"rendered":"Dera&#8217;daki \u0130\u00e7 G\u00fcvenlik G\u00fc\u00e7leri, Eyaletin Kuzey K\u0131rsal\u0131ndaki Casim&#8217;de G\u00fcvenlik Operasyonu Ba\u015flatt\u0131"},"content":{"rendered":"<p style=\"text-align: justify;\"><strong>DERA (SANA)\u00a0 &#8211;<\/strong> Dera&#8217;daki \u0130\u00e7 G\u00fcvenlik G\u00fc\u00e7leri, eyaletin kuzey k\u0131rsal\u0131ndaki Casim kentinde, b\u00f6lgede rastgele da\u011f\u0131lm\u0131\u015f silahlar\u0131 toplamak ve aranan \u015fah\u0131slar\u0131 takip etmek amac\u0131yla bir g\u00fcvenlik operasyonu ba\u015flatt\u0131.<\/p>\n<div id='gallery-1' class='gallery galleryid-322041 gallery-columns-3 gallery-size-full'><figure class='gallery-item'>\n\t\t\t<div class='gallery-icon landscape'>\n\t\t\t\t<a href='https:\/\/archive.sana.sy\/tr\/wp-content\/uploads\/2025\/05\/photo_2025-05-28_10-05-03.jpg'><img loading=\"lazy\" decoding=\"async\" width=\"1280\" height=\"720\" src=\"https:\/\/archive.sana.sy\/tr\/wp-content\/uploads\/2025\/05\/photo_2025-05-28_10-05-03.jpg\" class=\"attachment-full size-full\" alt=\"\" srcset=\"https:\/\/archive.sana.sy\/tr\/wp-content\/uploads\/2025\/05\/photo_2025-05-28_10-05-03.jpg 1280w, https:\/\/archive.sana.sy\/tr\/wp-content\/uploads\/2025\/05\/photo_2025-05-28_10-05-03-300x169.jpg 300w, https:\/\/archive.sana.sy\/tr\/wp-content\/uploads\/2025\/05\/photo_2025-05-28_10-05-03-1024x576.jpg 1024w, https:\/\/archive.sana.sy\/tr\/wp-content\/uploads\/2025\/05\/photo_2025-05-28_10-05-03-768x432.jpg 768w\" sizes=\"auto, (max-width: 1280px) 100vw, 1280px\" \/><\/a>\n\t\t\t<\/div><\/figure><figure class='gallery-item'>\n\t\t\t<div class='gallery-icon landscape'>\n\t\t\t\t<a href='https:\/\/archive.sana.sy\/tr\/wp-content\/uploads\/2025\/05\/photo_2025-05-28_10-05-10.jpg'><img loading=\"lazy\" decoding=\"async\" width=\"1150\" height=\"720\" src=\"https:\/\/archive.sana.sy\/tr\/wp-content\/uploads\/2025\/05\/photo_2025-05-28_10-05-10.jpg\" class=\"attachment-full size-full\" alt=\"\" srcset=\"https:\/\/archive.sana.sy\/tr\/wp-content\/uploads\/2025\/05\/photo_2025-05-28_10-05-10.jpg 1150w, https:\/\/archive.sana.sy\/tr\/wp-content\/uploads\/2025\/05\/photo_2025-05-28_10-05-10-300x188.jpg 300w, https:\/\/archive.sana.sy\/tr\/wp-content\/uploads\/2025\/05\/photo_2025-05-28_10-05-10-1024x641.jpg 1024w, https:\/\/archive.sana.sy\/tr\/wp-content\/uploads\/2025\/05\/photo_2025-05-28_10-05-10-768x481.jpg 768w\" sizes=\"auto, (max-width: 1150px) 100vw, 1150px\" \/><\/a>\n\t\t\t<\/div><\/figure><figure class='gallery-item'>\n\t\t\t<div class='gallery-icon landscape'>\n\t\t\t\t<a href='https:\/\/archive.sana.sy\/tr\/wp-content\/uploads\/2025\/05\/photo_2025-05-28_10-05-13.jpg'><img loading=\"lazy\" decoding=\"async\" width=\"1280\" height=\"720\" src=\"https:\/\/archive.sana.sy\/tr\/wp-content\/uploads\/2025\/05\/photo_2025-05-28_10-05-13.jpg\" class=\"attachment-full size-full\" alt=\"\" srcset=\"https:\/\/archive.sana.sy\/tr\/wp-content\/uploads\/2025\/05\/photo_2025-05-28_10-05-13.jpg 1280w, https:\/\/archive.sana.sy\/tr\/wp-content\/uploads\/2025\/05\/photo_2025-05-28_10-05-13-300x169.jpg 300w, https:\/\/archive.sana.sy\/tr\/wp-content\/uploads\/2025\/05\/photo_2025-05-28_10-05-13-1024x576.jpg 1024w, https:\/\/archive.sana.sy\/tr\/wp-content\/uploads\/2025\/05\/photo_2025-05-28_10-05-13-768x432.jpg 768w\" sizes=\"auto, (max-width: 1280px) 100vw, 1280px\" \/><\/a>\n\t\t\t<\/div><\/figure>\n\t\t<\/div>\n\n","protected":false},"excerpt":{"rendered":"<p>DERA (SANA)\u00a0 &#8211; Dera&#8217;daki \u0130\u00e7 G\u00fcvenlik G\u00fc\u00e7leri, eyaletin kuzey k\u0131rsal\u0131ndaki Casim kentinde, b\u00f6lgede rastgele da\u011f\u0131lm\u0131\u015f silahlar\u0131 toplamak ve aranan \u015fah\u0131slar\u0131 takip etmek amac\u0131yla bir g\u00fcvenlik operasyonu ba\u015flatt\u0131.<\/p>\n","protected":false},"author":39,"featured_media":322042,"comment_status":"closed","ping_status":"closed","sticky":false,"template":"","format":"standard","meta":{"footnotes":""},"categories":[596,589,479,17988,478],"tags":[],"class_list":["post-322041","post","type-post","status-publish","format-standard","has-post-thumbnail","","category-fotografli-raporlar","category-haber-seridi","category-haberler-yerel","category-son-haberler","category-yerel"],"_links":{"self":[{"href":"https:\/\/archive.sana.sy\/tr\/index.php?rest_route=\/wp\/v2\/posts\/322041","targetHints":{"allow":["GET"]}}],"collection":[{"href":"https:\/\/archive.sana.sy\/tr\/index.php?rest_route=\/wp\/v2\/posts"}],"about":[{"href":"https:\/\/archive.sana.sy\/tr\/index.php?rest_route=\/wp\/v2\/types\/post"}],"author":[{"embeddable":true,"href":"https:\/\/archive.sana.sy\/tr\/index.php?rest_route=\/wp\/v2\/users\/39"}],"replies":[{"embeddable":true,"href":"https:\/\/archive.sana.sy\/tr\/index.php?rest_route=%2Fwp%2Fv2%2Fcomments&post=322041"}],"version-history":[{"count":2,"href":"https:\/\/archive.sana.sy\/tr\/index.php?rest_route=\/wp\/v2\/posts\/322041\/revisions"}],"predecessor-version":[{"id":322047,"href":"https:\/\/archive.sana.sy\/tr\/index.php?rest_route=\/wp\/v2\/posts\/322041\/revisions\/322047"}],"wp:featuredmedia":[{"embeddable":true,"href":"https:\/\/archive.sana.sy\/tr\/index.php?rest_route=\/wp\/v2\/media\/322042"}],"wp:attachment":[{"href":"https:\/\/archive.sana.sy\/tr\/index.php?rest_route=%2Fwp%2Fv2%2Fmedia&parent=322041"}],"wp:term":[{"taxonomy":"category","embeddable":true,"href":"https:\/\/archive.sana.sy\/tr\/index.php?rest_route=%2Fwp%2Fv2%2Fcategories&post=322041"},{"taxonomy":"post_tag","embeddable":true,"href":"https:\/\/archive.sana.sy\/tr\/index.php?rest_route=%2Fwp%2Fv2%2Ftags&post=322041"}],"curies":[{"name":"wp","href":"https:\/\/api.w.org\/{rel}","templated":true}]}}