{"id":322051,"date":"2025-05-28T11:18:42","date_gmt":"2025-05-28T08:18:42","guid":{"rendered":"https:\/\/sana.sy\/tr\/?p=322051"},"modified":"2025-05-28T16:46:10","modified_gmt":"2025-05-28T13:46:10","slug":"enformasyon-bakani-suriye-medyasinin-gelistirilmesinde-fransiz-deneyiminden-yararlanilmasinin-onemini-vurguladi","status":"publish","type":"post","link":"https:\/\/archive.sana.sy\/tr\/?p=322051","title":{"rendered":"Enformasyon Bakan\u0131, Suriye Medyas\u0131n\u0131n Geli\u015ftirilmesinde Frans\u0131z Deneyiminden Yararlan\u0131lmas\u0131n\u0131n \u00d6nemini Vurgulad\u0131"},"content":{"rendered":"<p style=\"text-align: justify;\"><span style=\"color: #ff0000;\"><strong>\u015eAM (SANA)<\/strong>\u00a0<\/span> &#8211; Enformasyon Bakan\u0131 Dr. Hamza El Mustafa, Fransa&#8217;n\u0131n \u015eam B\u00fcy\u00fckel\u00e7isi Jean-Baptiste Favre ile yapt\u0131\u011f\u0131 g\u00f6r\u00fc\u015fmede, bakanl\u0131\u011f\u0131n Suriye medyas\u0131n\u0131n, \u00f6zellikle baz\u0131 teknik alanlarda, geli\u015ftirilmesinde Frans\u0131z deneyiminden yararlanma, en iyi medya uygulamalar\u0131n\u0131n hayata ge\u00e7irilmesine yard\u0131mc\u0131 olma ve sinema alan\u0131nda i\u015f birli\u011fini art\u0131rma y\u00f6n\u00fcndeki arzusunu dile getirdi.<\/p>\n<p style=\"text-align: justify;\">Bakan, Bakanl\u0131k&#8217;ta ger\u00e7ekle\u015fen g\u00f6r\u00fc\u015fmede, Enformasyon Bakanl\u0131\u011f\u0131&#8217;n\u0131n mevcut stratejisinin, gazetecilik mesle\u011fine uygun bir medya ortam\u0131 olu\u015fturmak, bilgiye yat\u0131r\u0131m yapan, propagandadan uzak duran, haber medyas\u0131 alan\u0131nda rekabet eden ba\u011f\u0131ms\u0131z bir ulusal medya in\u015fa etmek oldu\u011funu belirtti.<\/p>\n<p style=\"text-align: justify;\"><img loading=\"lazy\" decoding=\"async\" class=\"size-full wp-image-322054 alignright\" src=\"http:\/\/sana.sy\/tr\/wp-content\/uploads\/2025\/05\/88-3.jpg\" alt=\"\" width=\"300\" height=\"200\" \/>Enformasyon Bakan\u0131 ayr\u0131ca, medya sekt\u00f6r\u00fcnde \u00e7al\u0131\u015fan t\u00fcm kesimlerle ortakla\u015fa olarak mesleki standartlara uyumu art\u0131racak medya eti\u011fi kurallar\u0131n\u0131n olu\u015fturulmas\u0131 i\u00e7in haz\u0131rl\u0131klar\u0131n s\u00fcrd\u00fc\u011f\u00fcn\u00fc belirterek, bu alanda Fransa&#8217;n\u0131n deneyiminden faydalanmay\u0131 umdu\u011funu dile getirdi.<\/p>\n<p style=\"text-align: justify;\">Bakan El Mustafa, Enformasyon Bakanl\u0131\u011f\u0131&#8217;n\u0131n bas\u0131n \u00f6zg\u00fcrl\u00fc\u011f\u00fcn\u00fc destekleme ve uluslararas\u0131 medya kurulu\u015flar\u0131yla i\u015f birli\u011fini geni\u015fletme \u00e7abalar\u0131na de de\u011findi.<\/p>\n<p style=\"text-align: justify;\">Frans\u0131z B\u00fcy\u00fckel\u00e7i ise \u00fclkesinin bir\u00e7ok medya alan\u0131nda destek sa\u011flamaya haz\u0131r oldu\u011funu belirterek, Frans\u0131z medyas\u0131n\u0131n Suriyeli gazetecilere ileri d\u00fczeyde e\u011fitim verme konusunda haz\u0131r oldu\u011funu vurgulad\u0131.<\/p>\n<p style=\"text-align: justify;\">G\u00f6r\u00fc\u015fmenin \u00a0sonunda Enformasyon Bakan\u0131, Suriye halk\u0131na uygulanan Avrupa yapt\u0131r\u0131mlar\u0131n\u0131n kald\u0131r\u0131lmas\u0131 konusunda Frans\u0131z h\u00fck\u00fcmetine g\u00f6sterdi\u011fi \u00e7abalardan dolay\u0131 te\u015fekk\u00fcrlerini ileterek, Fransa ile medya i\u015f birli\u011finin \u00f6n\u00fcm\u00fczdeki d\u00f6nemde Suriye medyas\u0131n\u0131n ilerlemesine y\u00f6nelik projeleri destekleme yolunda \u00f6nemli bir ad\u0131m te\u015fkil etti\u011fini vurgulad\u0131.<\/p>\n","protected":false},"excerpt":{"rendered":"<p>\u015eAM (SANA)\u00a0 &#8211; Enformasyon Bakan\u0131 Dr. Hamza El Mustafa, Fransa&#8217;n\u0131n \u015eam B\u00fcy\u00fckel\u00e7isi Jean-Baptiste Favre ile yapt\u0131\u011f\u0131 g\u00f6r\u00fc\u015fmede, bakanl\u0131\u011f\u0131n Suriye medyas\u0131n\u0131n, \u00f6zellikle baz\u0131 teknik alanlarda, geli\u015ftirilmesinde Frans\u0131z deneyiminden yararlanma, en iyi medya uygulamalar\u0131n\u0131n hayata ge\u00e7irilmesine yard\u0131mc\u0131 olma ve sinema alan\u0131nda i\u015f birli\u011fini art\u0131rma y\u00f6n\u00fcndeki arzusunu dile getirdi. Bakan, Bakanl\u0131k&#8217;ta ger\u00e7ekle\u015fen g\u00f6r\u00fc\u015fmede, Enformasyon Bakanl\u0131\u011f\u0131&#8217;n\u0131n mevcut stratejisinin, gazetecilik &hellip;<\/p>\n","protected":false},"author":39,"featured_media":322053,"comment_status":"closed","ping_status":"closed","sticky":false,"template":"","format":"standard","meta":{"footnotes":""},"categories":[589,479,17988,478],"tags":[],"class_list":["post-322051","post","type-post","status-publish","format-standard","has-post-thumbnail","","category-haber-seridi","category-haberler-yerel","category-son-haberler","category-yerel"],"_links":{"self":[{"href":"https:\/\/archive.sana.sy\/tr\/index.php?rest_route=\/wp\/v2\/posts\/322051","targetHints":{"allow":["GET"]}}],"collection":[{"href":"https:\/\/archive.sana.sy\/tr\/index.php?rest_route=\/wp\/v2\/posts"}],"about":[{"href":"https:\/\/archive.sana.sy\/tr\/index.php?rest_route=\/wp\/v2\/types\/post"}],"author":[{"embeddable":true,"href":"https:\/\/archive.sana.sy\/tr\/index.php?rest_route=\/wp\/v2\/users\/39"}],"replies":[{"embeddable":true,"href":"https:\/\/archive.sana.sy\/tr\/index.php?rest_route=%2Fwp%2Fv2%2Fcomments&post=322051"}],"version-history":[{"count":3,"href":"https:\/\/archive.sana.sy\/tr\/index.php?rest_route=\/wp\/v2\/posts\/322051\/revisions"}],"predecessor-version":[{"id":322106,"href":"https:\/\/archive.sana.sy\/tr\/index.php?rest_route=\/wp\/v2\/posts\/322051\/revisions\/322106"}],"wp:featuredmedia":[{"embeddable":true,"href":"https:\/\/archive.sana.sy\/tr\/index.php?rest_route=\/wp\/v2\/media\/322053"}],"wp:attachment":[{"href":"https:\/\/archive.sana.sy\/tr\/index.php?rest_route=%2Fwp%2Fv2%2Fmedia&parent=322051"}],"wp:term":[{"taxonomy":"category","embeddable":true,"href":"https:\/\/archive.sana.sy\/tr\/index.php?rest_route=%2Fwp%2Fv2%2Fcategories&post=322051"},{"taxonomy":"post_tag","embeddable":true,"href":"https:\/\/archive.sana.sy\/tr\/index.php?rest_route=%2Fwp%2Fv2%2Ftags&post=322051"}],"curies":[{"name":"wp","href":"https:\/\/api.w.org\/{rel}","templated":true}]}}