{"id":322065,"date":"2025-05-28T11:40:13","date_gmt":"2025-05-28T08:40:13","guid":{"rendered":"https:\/\/sana.sy\/tr\/?p=322065"},"modified":"2025-05-28T16:36:53","modified_gmt":"2025-05-28T13:36:53","slug":"abd-disisleri-bakanligi-suriyeye-yatirim-kapisini-acmak-icin-uluslararasi-ve-bolgesel-ortaklarimizla-isbirligi-yapiyoruz","status":"publish","type":"post","link":"https:\/\/archive.sana.sy\/tr\/?p=322065","title":{"rendered":"ABD D\u0131\u015fi\u015fleri Bakanl\u0131\u011f\u0131: Suriye&#8217;ye Yat\u0131r\u0131m Kap\u0131s\u0131n\u0131 A\u00e7mak \u0130\u00e7in Uluslararas\u0131 Ve B\u00f6lgesel Ortaklar\u0131m\u0131zla \u0130\u015fbirli\u011fi Yap\u0131yoruz"},"content":{"rendered":"<p style=\"text-align: justify;\"><strong><span style=\"color: #ff0000;\">VA\u015e\u0130NGTON (SANA)<\/span> \u2013<\/strong> ABD D\u0131\u015fi\u015fleri Bakanl\u0131\u011f\u0131 S\u00f6zc\u00fcs\u00fc Tammy Bruce, ABD&#8217;nin Suriye&#8217;ye yat\u0131r\u0131m kap\u0131s\u0131n\u0131 a\u00e7mak i\u00e7in b\u00f6lgesel ve uluslararas\u0131 ortaklar\u0131yla i\u015f birli\u011fi yapt\u0131\u011f\u0131n\u0131 belirterek, yapt\u0131r\u0131mlar\u0131n kald\u0131r\u0131lmas\u0131 karar\u0131n\u0131n bu e\u011filimi g\u00fc\u00e7lendirdi\u011fini kaydetti.<\/p>\n<p style=\"text-align: justify;\">ABD D\u0131\u015fi\u015fleri Bakanl\u0131\u011f\u0131&#8217;n\u0131n internet sitesinde yay\u0131nlanan bas\u0131n a\u00e7\u0131klamas\u0131nda Bruce, &#8220;Ba\u015fkan Donald Trump&#8217;\u0131n m\u00fcreffeh bir Ortado\u011fu ve istikrarl\u0131 bir Suriye vizyonunu hayata ge\u00e7irmek i\u00e7in \u00f6nemli ad\u0131mlar att\u0131k ve ortaklar\u0131m\u0131zla Suriye&#8217;ye yat\u0131r\u0131m kap\u0131s\u0131n\u0131 a\u00e7mak i\u00e7in \u00e7al\u0131\u015f\u0131yoruz&#8221; dedi.<\/p>\n<p style=\"text-align: justify;\">Bruce ayr\u0131ca, ABD y\u00f6netiminin, Sezar Yasas\u0131 kapsam\u0131nda Suriye&#8217;ye uygulanan yapt\u0131r\u0131mlar\u0131n yat\u0131r\u0131mlar\u0131 engellememesi i\u00e7in 180 g\u00fcn s\u00fcreyle kald\u0131r\u0131lmas\u0131 da dahil olmak \u00fczere son d\u00f6nemde ald\u0131\u011f\u0131 \u00f6nlemlere dikkat \u00e7ekerek, ABD&#8217;nin T\u00fcrkiye B\u00fcy\u00fckel\u00e7isi Thomas Barrack&#8217;\u0131n Suriye \u00d6zel Temsilcisi olarak atand\u0131\u011f\u0131n\u0131 belirtti.<\/p>\n","protected":false},"excerpt":{"rendered":"<p>VA\u015e\u0130NGTON (SANA) \u2013 ABD D\u0131\u015fi\u015fleri Bakanl\u0131\u011f\u0131 S\u00f6zc\u00fcs\u00fc Tammy Bruce, ABD&#8217;nin Suriye&#8217;ye yat\u0131r\u0131m kap\u0131s\u0131n\u0131 a\u00e7mak i\u00e7in b\u00f6lgesel ve uluslararas\u0131 ortaklar\u0131yla i\u015f birli\u011fi yapt\u0131\u011f\u0131n\u0131 belirterek, yapt\u0131r\u0131mlar\u0131n kald\u0131r\u0131lmas\u0131 karar\u0131n\u0131n bu e\u011filimi g\u00fc\u00e7lendirdi\u011fini kaydetti. ABD D\u0131\u015fi\u015fleri Bakanl\u0131\u011f\u0131&#8217;n\u0131n internet sitesinde yay\u0131nlanan bas\u0131n a\u00e7\u0131klamas\u0131nda Bruce, &#8220;Ba\u015fkan Donald Trump&#8217;\u0131n m\u00fcreffeh bir Ortado\u011fu ve istikrarl\u0131 bir Suriye vizyonunu hayata ge\u00e7irmek i\u00e7in \u00f6nemli ad\u0131mlar &hellip;<\/p>\n","protected":false},"author":39,"featured_media":322066,"comment_status":"closed","ping_status":"closed","sticky":false,"template":"","format":"standard","meta":{"footnotes":""},"categories":[458,589,459,17988],"tags":[],"class_list":["post-322065","post","type-post","status-publish","format-standard","has-post-thumbnail","","category-dunya1","category-haber-seridi","category-haberler-arap-uluslararasi-politika","category-son-haberler"],"_links":{"self":[{"href":"https:\/\/archive.sana.sy\/tr\/index.php?rest_route=\/wp\/v2\/posts\/322065","targetHints":{"allow":["GET"]}}],"collection":[{"href":"https:\/\/archive.sana.sy\/tr\/index.php?rest_route=\/wp\/v2\/posts"}],"about":[{"href":"https:\/\/archive.sana.sy\/tr\/index.php?rest_route=\/wp\/v2\/types\/post"}],"author":[{"embeddable":true,"href":"https:\/\/archive.sana.sy\/tr\/index.php?rest_route=\/wp\/v2\/users\/39"}],"replies":[{"embeddable":true,"href":"https:\/\/archive.sana.sy\/tr\/index.php?rest_route=%2Fwp%2Fv2%2Fcomments&post=322065"}],"version-history":[{"count":2,"href":"https:\/\/archive.sana.sy\/tr\/index.php?rest_route=\/wp\/v2\/posts\/322065\/revisions"}],"predecessor-version":[{"id":322103,"href":"https:\/\/archive.sana.sy\/tr\/index.php?rest_route=\/wp\/v2\/posts\/322065\/revisions\/322103"}],"wp:featuredmedia":[{"embeddable":true,"href":"https:\/\/archive.sana.sy\/tr\/index.php?rest_route=\/wp\/v2\/media\/322066"}],"wp:attachment":[{"href":"https:\/\/archive.sana.sy\/tr\/index.php?rest_route=%2Fwp%2Fv2%2Fmedia&parent=322065"}],"wp:term":[{"taxonomy":"category","embeddable":true,"href":"https:\/\/archive.sana.sy\/tr\/index.php?rest_route=%2Fwp%2Fv2%2Fcategories&post=322065"},{"taxonomy":"post_tag","embeddable":true,"href":"https:\/\/archive.sana.sy\/tr\/index.php?rest_route=%2Fwp%2Fv2%2Ftags&post=322065"}],"curies":[{"name":"wp","href":"https:\/\/api.w.org\/{rel}","templated":true}]}}