{"id":322071,"date":"2025-05-28T14:21:29","date_gmt":"2025-05-28T11:21:29","guid":{"rendered":"https:\/\/sana.sy\/tr\/?p=322071"},"modified":"2025-05-28T16:35:09","modified_gmt":"2025-05-28T13:35:09","slug":"ukk-baskani-david-miliband-suriyede-yeni-ortakliklarin-onemine-vurguladi","status":"publish","type":"post","link":"https:\/\/archive.sana.sy\/tr\/?p=322071","title":{"rendered":"UKK Ba\u015fkan\u0131 David Miliband, Suriye&#8217;de Yeni Ortakl\u0131klar\u0131n \u00d6nemini Vurgulad\u0131"},"content":{"rendered":"<p style=\"text-align: justify;\"><span style=\"color: #ff0000;\"><strong>DUBA\u0130 (SANA)<\/strong><\/span> &#8211; Uluslararas\u0131 Kurtarma Komitesi Ba\u015fkan\u0131 David Miliband, \u00fclkenin yeniden refaha kavu\u015fmas\u0131 i\u00e7in \u00f6zellikle K\u00f6rfez \u00fclkeleriyle yeni Suriye ortakl\u0131klar\u0131n\u0131n \u00f6nemini vurgu yapt\u0131.<\/p>\n<p style=\"text-align: justify;\">Miliband, CNN&#8217;e verdi\u011fi r\u00f6portajda, sava\u015f\u0131n \u00fclkedeki sa\u011fl\u0131k tesislerinde yaratt\u0131\u011f\u0131 y\u0131k\u0131m\u0131 anlatarak, Suriye&#8217;nin mevcut ihtiya\u00e7lar\u0131na dikkat \u00e7ekti.<\/p>\n<p style=\"text-align: justify;\">David Miliband ayr\u0131ca, Suriye&#8217;nin illerine yapt\u0131\u011f\u0131 gezilere de\u011finerek, &#8220;\u00c7arp\u0131c\u0131 olan, Esad rejiminin kontrol\u00fcndeki b\u00f6lgelerdeki baz\u0131 sa\u011fl\u0131k ihtiya\u00e7lar\u0131n\u0131n, \u00fclkenin kuzeybat\u0131s\u0131ndaki muhaliflerin kontrol\u00fcndeki b\u00f6lgelerden daha k\u00f6t\u00fc olmas\u0131yd\u0131&#8221; dedi.<\/p>\n<p style=\"text-align: justify;\">Cumhurba\u015fkan\u0131 Ahmed El \u015eara&#8217;n\u0131n \u00fclkenin \u00f6zellikle b\u00f6lgedeki di\u011fer \u00fclkelerle gelecekteki ili\u015fkilerine ili\u015fkin vizyonunu vurgulayan Miliband, Cumhurba\u015fkan\u0131 El \u015eara ve D\u0131\u015fi\u015fleri Bakan\u0131 Asad El \u015eeybani ile oturup, yapt\u0131klar\u0131 siyasi de\u011fi\u015fimler i\u00e7in uygun takvimlerin nas\u0131l belirlenece\u011fini g\u00f6r\u00fc\u015fme f\u0131rsat\u0131m oldu&#8221; ifadelerini kullan\u0131.<\/p>\n<p style=\"text-align: justify;\">Miliband, Cumhurba\u015fkan\u0131 El \u015eara ve Bakan El \u015eeybani&#8217;nin \u00e7e\u015fitli \u00fclkelerle d\u00fczenli ve istikrarl\u0131 ili\u015fkiler istedi\u011fini, daha da \u00f6nemlisi b\u00f6lgede istikrar istediklerini de kaydetti.<\/p>\n","protected":false},"excerpt":{"rendered":"<p>DUBA\u0130 (SANA) &#8211; Uluslararas\u0131 Kurtarma Komitesi Ba\u015fkan\u0131 David Miliband, \u00fclkenin yeniden refaha kavu\u015fmas\u0131 i\u00e7in \u00f6zellikle K\u00f6rfez \u00fclkeleriyle yeni Suriye ortakl\u0131klar\u0131n\u0131n \u00f6nemini vurgu yapt\u0131. Miliband, CNN&#8217;e verdi\u011fi r\u00f6portajda, sava\u015f\u0131n \u00fclkedeki sa\u011fl\u0131k tesislerinde yaratt\u0131\u011f\u0131 y\u0131k\u0131m\u0131 anlatarak, Suriye&#8217;nin mevcut ihtiya\u00e7lar\u0131na dikkat \u00e7ekti. David Miliband ayr\u0131ca, Suriye&#8217;nin illerine yapt\u0131\u011f\u0131 gezilere de\u011finerek, &#8220;\u00c7arp\u0131c\u0131 olan, Esad rejiminin kontrol\u00fcndeki b\u00f6lgelerdeki baz\u0131 sa\u011fl\u0131k &hellip;<\/p>\n","protected":false},"author":39,"featured_media":322073,"comment_status":"closed","ping_status":"closed","sticky":false,"template":"","format":"standard","meta":{"footnotes":""},"categories":[458,589,459,17988],"tags":[],"class_list":["post-322071","post","type-post","status-publish","format-standard","has-post-thumbnail","","category-dunya1","category-haber-seridi","category-haberler-arap-uluslararasi-politika","category-son-haberler"],"_links":{"self":[{"href":"https:\/\/archive.sana.sy\/tr\/index.php?rest_route=\/wp\/v2\/posts\/322071","targetHints":{"allow":["GET"]}}],"collection":[{"href":"https:\/\/archive.sana.sy\/tr\/index.php?rest_route=\/wp\/v2\/posts"}],"about":[{"href":"https:\/\/archive.sana.sy\/tr\/index.php?rest_route=\/wp\/v2\/types\/post"}],"author":[{"embeddable":true,"href":"https:\/\/archive.sana.sy\/tr\/index.php?rest_route=\/wp\/v2\/users\/39"}],"replies":[{"embeddable":true,"href":"https:\/\/archive.sana.sy\/tr\/index.php?rest_route=%2Fwp%2Fv2%2Fcomments&post=322071"}],"version-history":[{"count":4,"href":"https:\/\/archive.sana.sy\/tr\/index.php?rest_route=\/wp\/v2\/posts\/322071\/revisions"}],"predecessor-version":[{"id":322101,"href":"https:\/\/archive.sana.sy\/tr\/index.php?rest_route=\/wp\/v2\/posts\/322071\/revisions\/322101"}],"wp:featuredmedia":[{"embeddable":true,"href":"https:\/\/archive.sana.sy\/tr\/index.php?rest_route=\/wp\/v2\/media\/322073"}],"wp:attachment":[{"href":"https:\/\/archive.sana.sy\/tr\/index.php?rest_route=%2Fwp%2Fv2%2Fmedia&parent=322071"}],"wp:term":[{"taxonomy":"category","embeddable":true,"href":"https:\/\/archive.sana.sy\/tr\/index.php?rest_route=%2Fwp%2Fv2%2Fcategories&post=322071"},{"taxonomy":"post_tag","embeddable":true,"href":"https:\/\/archive.sana.sy\/tr\/index.php?rest_route=%2Fwp%2Fv2%2Ftags&post=322071"}],"curies":[{"name":"wp","href":"https:\/\/api.w.org\/{rel}","templated":true}]}}