{"id":322075,"date":"2025-05-28T14:24:31","date_gmt":"2025-05-28T11:24:31","guid":{"rendered":"https:\/\/sana.sy\/tr\/?p=322075"},"modified":"2025-05-31T09:46:49","modified_gmt":"2025-05-31T06:46:49","slug":"cumhurbaskani-el-sara-halep-ziyaretinde-alim-ve-seyhlerden-olusan-bir-heyetle-bir-araya-geldi","status":"publish","type":"post","link":"https:\/\/archive.sana.sy\/tr\/?p=322075","title":{"rendered":"Cumhurba\u015fkan\u0131 El \u015eara, Halep Ziyaretinde Alim Ve \u015eeyhlerden Olu\u015fan Bir Heyetle Bir Araya Geldi"},"content":{"rendered":"<p style=\"text-align: justify;\"><strong>HALEP (SANA) &#8211;<\/strong> Suriye Arap Cumhuriyeti Cumhurba\u015fkan\u0131 Ahmed El \u015eara, \u015fehri ziyaretinde Halep Valili\u011fi&#8217;nden alim ve \u015feyhlerden olu\u015fan bir heyetle bir araya geldi.<\/p>\n<div id='gallery-1' class='gallery galleryid-322075 gallery-columns-1 gallery-size-full'><figure class='gallery-item'>\n\t\t\t<div class='gallery-icon landscape'>\n\t\t\t\t<a href='https:\/\/archive.sana.sy\/tr\/wp-content\/uploads\/2025\/05\/33333333333.jpg'><img loading=\"lazy\" decoding=\"async\" width=\"660\" height=\"370\" src=\"https:\/\/archive.sana.sy\/tr\/wp-content\/uploads\/2025\/05\/33333333333.jpg\" class=\"attachment-full size-full\" alt=\"\" srcset=\"https:\/\/archive.sana.sy\/tr\/wp-content\/uploads\/2025\/05\/33333333333.jpg 660w, https:\/\/archive.sana.sy\/tr\/wp-content\/uploads\/2025\/05\/33333333333-300x168.jpg 300w\" sizes=\"auto, (max-width: 660px) 100vw, 660px\" \/><\/a>\n\t\t\t<\/div><\/figure>\n\t\t<\/div>\n\n","protected":false},"excerpt":{"rendered":"<p>HALEP (SANA) &#8211; Suriye Arap Cumhuriyeti Cumhurba\u015fkan\u0131 Ahmed El \u015eara, \u015fehri ziyaretinde Halep Valili\u011fi&#8217;nden alim ve \u015feyhlerden olu\u015fan bir heyetle bir araya geldi.<\/p>\n","protected":false},"author":39,"featured_media":322076,"comment_status":"closed","ping_status":"closed","sticky":false,"template":"","format":"standard","meta":{"footnotes":""},"categories":[479,605,478],"tags":[],"class_list":["post-322075","post","type-post","status-publish","format-standard","has-post-thumbnail","","category-haberler-yerel","category-sayin-cumhurbaskani","category-yerel"],"_links":{"self":[{"href":"https:\/\/archive.sana.sy\/tr\/index.php?rest_route=\/wp\/v2\/posts\/322075","targetHints":{"allow":["GET"]}}],"collection":[{"href":"https:\/\/archive.sana.sy\/tr\/index.php?rest_route=\/wp\/v2\/posts"}],"about":[{"href":"https:\/\/archive.sana.sy\/tr\/index.php?rest_route=\/wp\/v2\/types\/post"}],"author":[{"embeddable":true,"href":"https:\/\/archive.sana.sy\/tr\/index.php?rest_route=\/wp\/v2\/users\/39"}],"replies":[{"embeddable":true,"href":"https:\/\/archive.sana.sy\/tr\/index.php?rest_route=%2Fwp%2Fv2%2Fcomments&post=322075"}],"version-history":[{"count":1,"href":"https:\/\/archive.sana.sy\/tr\/index.php?rest_route=\/wp\/v2\/posts\/322075\/revisions"}],"predecessor-version":[{"id":322078,"href":"https:\/\/archive.sana.sy\/tr\/index.php?rest_route=\/wp\/v2\/posts\/322075\/revisions\/322078"}],"wp:featuredmedia":[{"embeddable":true,"href":"https:\/\/archive.sana.sy\/tr\/index.php?rest_route=\/wp\/v2\/media\/322076"}],"wp:attachment":[{"href":"https:\/\/archive.sana.sy\/tr\/index.php?rest_route=%2Fwp%2Fv2%2Fmedia&parent=322075"}],"wp:term":[{"taxonomy":"category","embeddable":true,"href":"https:\/\/archive.sana.sy\/tr\/index.php?rest_route=%2Fwp%2Fv2%2Fcategories&post=322075"},{"taxonomy":"post_tag","embeddable":true,"href":"https:\/\/archive.sana.sy\/tr\/index.php?rest_route=%2Fwp%2Fv2%2Ftags&post=322075"}],"curies":[{"name":"wp","href":"https:\/\/api.w.org\/{rel}","templated":true}]}}