{"id":322095,"date":"2025-05-28T16:16:11","date_gmt":"2025-05-28T13:16:11","guid":{"rendered":"https:\/\/sana.sy\/tr\/?p=322095"},"modified":"2025-05-31T09:45:45","modified_gmt":"2025-05-31T06:45:45","slug":"cumhurbaskani-el-sara-halep-valiliginde-insani-yardim-calisanlarindan-olusan-bir-heyetle-bir-araya-geldi","status":"publish","type":"post","link":"https:\/\/archive.sana.sy\/tr\/?p=322095","title":{"rendered":"Cumhurba\u015fkan\u0131 El \u015eara, Halep Valili\u011fi&#8217;nde \u0130nsani Yard\u0131m \u00c7al\u0131\u015fanlar\u0131ndan Olu\u015fan Bir Heyetle Bir Araya Geldi."},"content":{"rendered":"<p style=\"text-align: justify;\"><span style=\"color: #ff0000;\"><strong>\u015eAM (SANA)-<\/strong><\/span> Suriye Arap Cumhuriyeti Cumhurba\u015fkan\u0131 Say\u0131n Ahmed El \u015eara, Halep Valili\u011fi&#8217;nde insani yard\u0131m \u00e7al\u0131\u015fanlar\u0131ndan olu\u015fan bir heyetle bir araya geldi.<\/p>\n<p><img loading=\"lazy\" decoding=\"async\" class=\"aligncenter wp-image-322096 size-full\" src=\"http:\/\/sana.sy\/tr\/wp-content\/uploads\/2025\/05\/photo_2025-05-28_15-51-55.jpg\" alt=\"\" width=\"1280\" height=\"718\" srcset=\"https:\/\/archive.sana.sy\/tr\/wp-content\/uploads\/2025\/05\/photo_2025-05-28_15-51-55.jpg 1280w, https:\/\/archive.sana.sy\/tr\/wp-content\/uploads\/2025\/05\/photo_2025-05-28_15-51-55-300x168.jpg 300w, https:\/\/archive.sana.sy\/tr\/wp-content\/uploads\/2025\/05\/photo_2025-05-28_15-51-55-1024x574.jpg 1024w, https:\/\/archive.sana.sy\/tr\/wp-content\/uploads\/2025\/05\/photo_2025-05-28_15-51-55-768x431.jpg 768w\" sizes=\"auto, (max-width: 1280px) 100vw, 1280px\" \/><\/p>\n","protected":false},"excerpt":{"rendered":"<p>\u015eAM (SANA)- Suriye Arap Cumhuriyeti Cumhurba\u015fkan\u0131 Say\u0131n Ahmed El \u015eara, Halep Valili\u011fi&#8217;nde insani yard\u0131m \u00e7al\u0131\u015fanlar\u0131ndan olu\u015fan bir heyetle bir araya geldi.<\/p>\n","protected":false},"author":41,"featured_media":322097,"comment_status":"closed","ping_status":"closed","sticky":false,"template":"","format":"standard","meta":{"footnotes":""},"categories":[479,605,478],"tags":[],"class_list":["post-322095","post","type-post","status-publish","format-standard","has-post-thumbnail","","category-haberler-yerel","category-sayin-cumhurbaskani","category-yerel"],"_links":{"self":[{"href":"https:\/\/archive.sana.sy\/tr\/index.php?rest_route=\/wp\/v2\/posts\/322095","targetHints":{"allow":["GET"]}}],"collection":[{"href":"https:\/\/archive.sana.sy\/tr\/index.php?rest_route=\/wp\/v2\/posts"}],"about":[{"href":"https:\/\/archive.sana.sy\/tr\/index.php?rest_route=\/wp\/v2\/types\/post"}],"author":[{"embeddable":true,"href":"https:\/\/archive.sana.sy\/tr\/index.php?rest_route=\/wp\/v2\/users\/41"}],"replies":[{"embeddable":true,"href":"https:\/\/archive.sana.sy\/tr\/index.php?rest_route=%2Fwp%2Fv2%2Fcomments&post=322095"}],"version-history":[{"count":2,"href":"https:\/\/archive.sana.sy\/tr\/index.php?rest_route=\/wp\/v2\/posts\/322095\/revisions"}],"predecessor-version":[{"id":322220,"href":"https:\/\/archive.sana.sy\/tr\/index.php?rest_route=\/wp\/v2\/posts\/322095\/revisions\/322220"}],"wp:featuredmedia":[{"embeddable":true,"href":"https:\/\/archive.sana.sy\/tr\/index.php?rest_route=\/wp\/v2\/media\/322097"}],"wp:attachment":[{"href":"https:\/\/archive.sana.sy\/tr\/index.php?rest_route=%2Fwp%2Fv2%2Fmedia&parent=322095"}],"wp:term":[{"taxonomy":"category","embeddable":true,"href":"https:\/\/archive.sana.sy\/tr\/index.php?rest_route=%2Fwp%2Fv2%2Fcategories&post=322095"},{"taxonomy":"post_tag","embeddable":true,"href":"https:\/\/archive.sana.sy\/tr\/index.php?rest_route=%2Fwp%2Fv2%2Ftags&post=322095"}],"curies":[{"name":"wp","href":"https:\/\/api.w.org\/{rel}","templated":true}]}}