{"id":32210,"date":"2015-05-05T20:09:23","date_gmt":"2015-05-05T17:09:23","guid":{"rendered":"http:\/\/sana.sy\/tr\/?p=32210"},"modified":"2015-05-05T20:09:23","modified_gmt":"2015-05-05T17:09:23","slug":"mucadelede-el-ele-omuz-omuza-vermek-gerekiyor","status":"publish","type":"post","link":"https:\/\/archive.sana.sy\/tr\/?p=32210","title":{"rendered":"M\u00fccadelede El Ele, Omuz Omuza Vermek Gerekiyor"},"content":{"rendered":"<p>KAH\u0130RE \u2013 M\u0131s\u0131r Savunma Bakan\u0131n\u0131n eski yard\u0131mc\u0131s\u0131 T\u00fcmgeneral H\u00fcsam Sveylim Suriye&#8217;nin yeni emperyalist planlar do\u011frultusunda Suriye&#8217;nin par\u00e7alanmas\u0131 tehlikesine kar\u015f\u0131 uyar\u0131da bulundu.<\/p>\n<p>SANA\u2019n\u0131n Kahire muhabirine \u00f6zel a\u00e7\u0131klamas\u0131nda Sveylim; \u2018Suriye&#8217;nin maruz kald\u0131\u011f\u0131 komplo ve evrensel ter\u00f6r \u00e7etelere kar\u015f\u0131 Suriye halk\u0131n\u0131n t\u00fcm bile\u015fenleri ve kesimleriyle el birli\u011finde olma \u00e7a\u011fr\u0131s\u0131 yapt\u0131.<\/p>\n<p>T\u00fcmgeneral Sveylim Suriye&#8217;nin d\u00f6rt y\u0131la a\u015fk\u0131n s\u00fcredir maruz kald\u0131\u011f\u0131 sald\u0131r\u0131lar\u0131n temel hedefinin onu k\u00fc\u00e7\u00fck kantonlara b\u00f6lmek oldu\u011funa vurgu yaparken; ABD\u2019nin de Irak\u2019\u0131 par\u00e7alama planlar\u0131na dikkat \u00e7ekti.<\/p>\n<p>ABD ve m\u00fcttefiklerinin ter\u00f6r \u00f6rg\u00fctleri arac\u0131l\u0131\u011f\u0131 ile ter\u00f6r ve kaosla ajandalar\u0131n\u0131 hayata ge\u00e7irmeye \u00e7al\u0131\u015ft\u0131klar\u0131n\u0131 belirten T\u00fcmgeneral Sveylim; t\u00fcm bu plan ve komplolar\u0131 \u00e7\u00f6kertmenin yolunun omuz omuza vererek m\u00fccadele etmek oldu\u011funu ifade etti.<\/p>\n<p>A.A. &#8211; M.M.<\/p>\n","protected":false},"excerpt":{"rendered":"<p>KAH\u0130RE \u2013 M\u0131s\u0131r Savunma Bakan\u0131n\u0131n eski yard\u0131mc\u0131s\u0131 T\u00fcmgeneral H\u00fcsam Sveylim Suriye&#8217;nin yeni emperyalist planlar do\u011frultusunda Suriye&#8217;nin par\u00e7alanmas\u0131 tehlikesine kar\u015f\u0131 uyar\u0131da bulundu. SANA\u2019n\u0131n Kahire muhabirine \u00f6zel a\u00e7\u0131klamas\u0131nda Sveylim; \u2018Suriye&#8217;nin maruz kald\u0131\u011f\u0131 komplo ve evrensel ter\u00f6r \u00e7etelere kar\u015f\u0131 Suriye halk\u0131n\u0131n t\u00fcm bile\u015fenleri ve kesimleriyle el birli\u011finde olma \u00e7a\u011fr\u0131s\u0131 yapt\u0131. T\u00fcmgeneral Sveylim Suriye&#8217;nin d\u00f6rt y\u0131la a\u015fk\u0131n s\u00fcredir maruz &hellip;<\/p>\n","protected":false},"author":1,"featured_media":32211,"comment_status":"closed","ping_status":"closed","sticky":false,"template":"","format":"standard","meta":{"footnotes":""},"categories":[458,459,447],"tags":[14312,14313],"class_list":["post-32210","post","type-post","status-publish","format-standard","has-post-thumbnail","","category-dunya1","category-haberler-arap-uluslararasi-politika","category-politika","tag-mucadelede-el-ele","tag-omuz-omuza-vermek-gerekiyor"],"_links":{"self":[{"href":"https:\/\/archive.sana.sy\/tr\/index.php?rest_route=\/wp\/v2\/posts\/32210","targetHints":{"allow":["GET"]}}],"collection":[{"href":"https:\/\/archive.sana.sy\/tr\/index.php?rest_route=\/wp\/v2\/posts"}],"about":[{"href":"https:\/\/archive.sana.sy\/tr\/index.php?rest_route=\/wp\/v2\/types\/post"}],"author":[{"embeddable":true,"href":"https:\/\/archive.sana.sy\/tr\/index.php?rest_route=\/wp\/v2\/users\/1"}],"replies":[{"embeddable":true,"href":"https:\/\/archive.sana.sy\/tr\/index.php?rest_route=%2Fwp%2Fv2%2Fcomments&post=32210"}],"version-history":[{"count":0,"href":"https:\/\/archive.sana.sy\/tr\/index.php?rest_route=\/wp\/v2\/posts\/32210\/revisions"}],"wp:featuredmedia":[{"embeddable":true,"href":"https:\/\/archive.sana.sy\/tr\/index.php?rest_route=\/wp\/v2\/media\/32211"}],"wp:attachment":[{"href":"https:\/\/archive.sana.sy\/tr\/index.php?rest_route=%2Fwp%2Fv2%2Fmedia&parent=32210"}],"wp:term":[{"taxonomy":"category","embeddable":true,"href":"https:\/\/archive.sana.sy\/tr\/index.php?rest_route=%2Fwp%2Fv2%2Fcategories&post=32210"},{"taxonomy":"post_tag","embeddable":true,"href":"https:\/\/archive.sana.sy\/tr\/index.php?rest_route=%2Fwp%2Fv2%2Ftags&post=32210"}],"curies":[{"name":"wp","href":"https:\/\/api.w.org\/{rel}","templated":true}]}}