{"id":322107,"date":"2025-05-28T17:51:42","date_gmt":"2025-05-28T14:51:42","guid":{"rendered":"https:\/\/sana.sy\/tr\/?p=322107"},"modified":"2025-05-28T17:51:42","modified_gmt":"2025-05-28T14:51:42","slug":"bin-ferhan-ve-tom-barrack-suriyeye-hem-insani-hem-de-ekonomik-destek-adimlarini-gorustu","status":"publish","type":"post","link":"https:\/\/archive.sana.sy\/tr\/?p=322107","title":{"rendered":"Bin Ferhan Ve Tom Barrack, Suriye&#8217;ye Hem \u0130nsani Hem De Ekonomik Destek Ad\u0131mlar\u0131n\u0131 G\u00f6r\u00fc\u015ft\u00fc"},"content":{"rendered":"<p style=\"text-align: justify;\"><span style=\"color: #ff0000;\"><strong>R<\/strong><strong>\u0130YAD (SANA)-<\/strong><\/span> Suudi D\u0131\u015fi\u015fleri Bakan\u0131 Prens Feysal bin Ferhan, bug\u00fcn Riyad&#8217;da ABD&#8217;nin Suriye \u00d6zel Temsilcisi Tom Barrack ile Suriye&#8217;ye hem insani hem de ekonomik destek ad\u0131mlar\u0131n\u0131 g\u00f6r\u00fc\u015ft\u00fc.<\/p>\n<p style=\"text-align: justify;\">Suudi Bas\u0131n Ajans\u0131 (SPA), iki taraf\u0131n bu \u00f6nemli a\u015famada Suriye halk\u0131na yard\u0131m ve destek sa\u011flama yollar\u0131n\u0131 g\u00f6r\u00fc\u015ft\u00fc\u011f\u00fcn\u00fc bildirdi.<\/p>\n","protected":false},"excerpt":{"rendered":"<p>R\u0130YAD (SANA)- Suudi D\u0131\u015fi\u015fleri Bakan\u0131 Prens Feysal bin Ferhan, bug\u00fcn Riyad&#8217;da ABD&#8217;nin Suriye \u00d6zel Temsilcisi Tom Barrack ile Suriye&#8217;ye hem insani hem de ekonomik destek ad\u0131mlar\u0131n\u0131 g\u00f6r\u00fc\u015ft\u00fc. Suudi Bas\u0131n Ajans\u0131 (SPA), iki taraf\u0131n bu \u00f6nemli a\u015famada Suriye halk\u0131na yard\u0131m ve destek sa\u011flama yollar\u0131n\u0131 g\u00f6r\u00fc\u015ft\u00fc\u011f\u00fcn\u00fc bildirdi.<\/p>\n","protected":false},"author":41,"featured_media":322108,"comment_status":"closed","ping_status":"closed","sticky":false,"template":"","format":"standard","meta":{"footnotes":""},"categories":[458,589,459,17988],"tags":[],"class_list":["post-322107","post","type-post","status-publish","format-standard","has-post-thumbnail","","category-dunya1","category-haber-seridi","category-haberler-arap-uluslararasi-politika","category-son-haberler"],"_links":{"self":[{"href":"https:\/\/archive.sana.sy\/tr\/index.php?rest_route=\/wp\/v2\/posts\/322107","targetHints":{"allow":["GET"]}}],"collection":[{"href":"https:\/\/archive.sana.sy\/tr\/index.php?rest_route=\/wp\/v2\/posts"}],"about":[{"href":"https:\/\/archive.sana.sy\/tr\/index.php?rest_route=\/wp\/v2\/types\/post"}],"author":[{"embeddable":true,"href":"https:\/\/archive.sana.sy\/tr\/index.php?rest_route=\/wp\/v2\/users\/41"}],"replies":[{"embeddable":true,"href":"https:\/\/archive.sana.sy\/tr\/index.php?rest_route=%2Fwp%2Fv2%2Fcomments&post=322107"}],"version-history":[{"count":1,"href":"https:\/\/archive.sana.sy\/tr\/index.php?rest_route=\/wp\/v2\/posts\/322107\/revisions"}],"predecessor-version":[{"id":322109,"href":"https:\/\/archive.sana.sy\/tr\/index.php?rest_route=\/wp\/v2\/posts\/322107\/revisions\/322109"}],"wp:featuredmedia":[{"embeddable":true,"href":"https:\/\/archive.sana.sy\/tr\/index.php?rest_route=\/wp\/v2\/media\/322108"}],"wp:attachment":[{"href":"https:\/\/archive.sana.sy\/tr\/index.php?rest_route=%2Fwp%2Fv2%2Fmedia&parent=322107"}],"wp:term":[{"taxonomy":"category","embeddable":true,"href":"https:\/\/archive.sana.sy\/tr\/index.php?rest_route=%2Fwp%2Fv2%2Fcategories&post=322107"},{"taxonomy":"post_tag","embeddable":true,"href":"https:\/\/archive.sana.sy\/tr\/index.php?rest_route=%2Fwp%2Fv2%2Ftags&post=322107"}],"curies":[{"name":"wp","href":"https:\/\/api.w.org\/{rel}","templated":true}]}}