{"id":322110,"date":"2025-05-28T17:59:28","date_gmt":"2025-05-28T14:59:28","guid":{"rendered":"https:\/\/sana.sy\/tr\/?p=322110"},"modified":"2025-05-28T17:59:28","modified_gmt":"2025-05-28T14:59:28","slug":"avrupa-konseyi-suriyeye-uygulanan-ekonomik-yaptirimlari-kaldirmak-icin-yasal-onlemler-aldi","status":"publish","type":"post","link":"https:\/\/archive.sana.sy\/tr\/?p=322110","title":{"rendered":"Avrupa Konseyi Suriye&#8217;ye Uygulanan Ekonomik Yapt\u0131r\u0131mlar\u0131 Kald\u0131rmak \u0130\u00e7in Yasal \u00d6nlemler Ald\u0131"},"content":{"rendered":"<p style=\"text-align: justify;\"><span style=\"color: #ff0000;\"><strong>BR<\/strong><strong>\u00dcKSEL (SANA)<\/strong> <\/span>&#8211; Avrupa Konseyi bug\u00fcn Suriye&#8217;ye uygulanan ekonomik k\u0131s\u0131tlamalar\u0131, g\u00fcvenlik endi\u015felerine dayananlar hari\u00e7, kald\u0131rmak i\u00e7in yasal \u00f6nlemler ald\u0131\u011f\u0131n\u0131 duyurdu.<\/p>\n<p style=\"text-align: justify;\">Konsey web sitesinde \u015funlar\u0131 belirtti: \u2018\u2019Avrupa Birli\u011fi&#8217;nin varl\u0131klar\u0131n\u0131n ve ekonomik kaynaklar\u0131n\u0131n dondurulmas\u0131na tabi olan kurulu\u015flar listesinden yirmi d\u00f6rt kurulu\u015f \u00e7\u0131kar\u0131ld\u0131. Bu kurulu\u015flar aras\u0131nda Suriye Merkez Bankas\u0131 da dahil olmak \u00fczere bankalar ve petrol \u00fcretimi ve rafinasyonu, pamuk ve telekom\u00fcnikasyon gibi Suriye ekonomisini canland\u0131rmada \u00f6nemli sekt\u00f6rlerde faaliyet g\u00f6steren \u015firketler yer al\u0131yor. Di\u011ferleri aras\u0131nda medya kurulu\u015flar\u0131 ve televizyon kanallar\u0131 yer al\u0131yor.\u2019\u2019<\/p>\n<p style=\"text-align: justify;\">Buna paralel olarak, devrik Esad rejimiyle ili\u015fkili ki\u015fi ve kurulu\u015flar\u0131n listesi 1 Haziran 2026&#8217;ya kadar uzat\u0131ld\u0131.<\/p>\n<p style=\"text-align: justify;\">Konsey ayr\u0131ca, bu kabul\u00fcn, Suriye halk\u0131n\u0131n yeniden bir araya gelmesini ve yeni, kapsay\u0131c\u0131, \u00e7o\u011fulcu ve bar\u0131\u015f\u00e7\u0131l bir Suriye in\u015fa etmesini desteklemeyi ama\u00e7layan 20 May\u0131s&#8217;ta a\u00e7\u0131klanan siyasi karar\u0131 resmile\u015ftirdi\u011fini belirtti.<\/p>\n","protected":false},"excerpt":{"rendered":"<p>BR\u00dcKSEL (SANA) &#8211; Avrupa Konseyi bug\u00fcn Suriye&#8217;ye uygulanan ekonomik k\u0131s\u0131tlamalar\u0131, g\u00fcvenlik endi\u015felerine dayananlar hari\u00e7, kald\u0131rmak i\u00e7in yasal \u00f6nlemler ald\u0131\u011f\u0131n\u0131 duyurdu. Konsey web sitesinde \u015funlar\u0131 belirtti: \u2018\u2019Avrupa Birli\u011fi&#8217;nin varl\u0131klar\u0131n\u0131n ve ekonomik kaynaklar\u0131n\u0131n dondurulmas\u0131na tabi olan kurulu\u015flar listesinden yirmi d\u00f6rt kurulu\u015f \u00e7\u0131kar\u0131ld\u0131. Bu kurulu\u015flar aras\u0131nda Suriye Merkez Bankas\u0131 da dahil olmak \u00fczere bankalar ve petrol \u00fcretimi ve &hellip;<\/p>\n","protected":false},"author":41,"featured_media":322111,"comment_status":"closed","ping_status":"closed","sticky":false,"template":"","format":"standard","meta":{"footnotes":""},"categories":[458,589,459,17988],"tags":[],"class_list":["post-322110","post","type-post","status-publish","format-standard","has-post-thumbnail","","category-dunya1","category-haber-seridi","category-haberler-arap-uluslararasi-politika","category-son-haberler"],"_links":{"self":[{"href":"https:\/\/archive.sana.sy\/tr\/index.php?rest_route=\/wp\/v2\/posts\/322110","targetHints":{"allow":["GET"]}}],"collection":[{"href":"https:\/\/archive.sana.sy\/tr\/index.php?rest_route=\/wp\/v2\/posts"}],"about":[{"href":"https:\/\/archive.sana.sy\/tr\/index.php?rest_route=\/wp\/v2\/types\/post"}],"author":[{"embeddable":true,"href":"https:\/\/archive.sana.sy\/tr\/index.php?rest_route=\/wp\/v2\/users\/41"}],"replies":[{"embeddable":true,"href":"https:\/\/archive.sana.sy\/tr\/index.php?rest_route=%2Fwp%2Fv2%2Fcomments&post=322110"}],"version-history":[{"count":1,"href":"https:\/\/archive.sana.sy\/tr\/index.php?rest_route=\/wp\/v2\/posts\/322110\/revisions"}],"predecessor-version":[{"id":322112,"href":"https:\/\/archive.sana.sy\/tr\/index.php?rest_route=\/wp\/v2\/posts\/322110\/revisions\/322112"}],"wp:featuredmedia":[{"embeddable":true,"href":"https:\/\/archive.sana.sy\/tr\/index.php?rest_route=\/wp\/v2\/media\/322111"}],"wp:attachment":[{"href":"https:\/\/archive.sana.sy\/tr\/index.php?rest_route=%2Fwp%2Fv2%2Fmedia&parent=322110"}],"wp:term":[{"taxonomy":"category","embeddable":true,"href":"https:\/\/archive.sana.sy\/tr\/index.php?rest_route=%2Fwp%2Fv2%2Fcategories&post=322110"},{"taxonomy":"post_tag","embeddable":true,"href":"https:\/\/archive.sana.sy\/tr\/index.php?rest_route=%2Fwp%2Fv2%2Ftags&post=322110"}],"curies":[{"name":"wp","href":"https:\/\/api.w.org\/{rel}","templated":true}]}}