{"id":322123,"date":"2025-05-29T09:09:54","date_gmt":"2025-05-29T06:09:54","guid":{"rendered":"https:\/\/sana.sy\/tr\/?p=322123"},"modified":"2025-05-29T09:09:54","modified_gmt":"2025-05-29T06:09:54","slug":"suriye-ve-almanya-egitim-alaninda-is-birligini-gorustu","status":"publish","type":"post","link":"https:\/\/archive.sana.sy\/tr\/?p=322123","title":{"rendered":"Suriye Ve Almanya E\u011fitim Alan\u0131nda \u0130\u015f Birli\u011fini G\u00f6r\u00fc\u015ft\u00fc"},"content":{"rendered":"<p style=\"text-align: justify;\"><strong>\u015eAM (SANA) \u2013<\/strong> Milli E\u011fitim Bakan\u0131 Muhammed Abdurrahman Turko, bug\u00fcn Almanya Ekonomik \u0130\u015fbirli\u011fi ve Kalk\u0131nma Bakanl\u0131\u011f\u0131 (BMZ) Orta Do\u011fu B\u00f6lgesi Genel M\u00fcd\u00fcr\u00fc Christine Toitzke ve beraberindeki heyet ile iki \u00fclke aras\u0131nda e\u011fitim sekt\u00f6r\u00fcnde ortak i\u015fbirli\u011finin yollar\u0131 ve beklentileri konusunda g\u00f6r\u00fc\u015ft\u00fc.<\/p>\n<p style=\"text-align: justify;\"><img loading=\"lazy\" decoding=\"async\" class=\"size-full wp-image-322125 alignright\" src=\"http:\/\/sana.sy\/tr\/wp-content\/uploads\/2025\/05\/000000000000.jpg\" alt=\"\" width=\"300\" height=\"200\" \/>Bakan Turko, mesleki e\u011fitimde Alman deneyiminden yararlanman\u0131n \u00f6nemini vurgulayarak, Alman taraf\u0131na Suriye halk\u0131na verdi\u011fi s\u00fcrekli destek ve Suriye&#8217;nin yeniden in\u015fa s\u00fcrecindeki \u00f6nemi g\u00f6z \u00f6n\u00fcne al\u0131nd\u0131\u011f\u0131nda, Suriye&#8217;ye uygulanan ekonomik yapt\u0131r\u0131mlar\u0131n kald\u0131r\u0131lmas\u0131nda oynad\u0131\u011f\u0131 olumlu rol i\u00e7in te\u015fekk\u00fcr etti.<\/p>\n<p style=\"text-align: justify;\">Toitzke ise Alman h\u00fck\u00fcmetinin Suriye&#8217;ye yard\u0131m etmeye haz\u0131r oldu\u011funu ve kararl\u0131 oldu\u011funu, e\u011fitim sekt\u00f6r\u00fcn\u00fcn temel ihtiya\u00e7lar\u0131n\u0131 kar\u015f\u0131lama konusundaki kararl\u0131l\u0131\u011f\u0131n\u0131 ve Suriye&#8217;de e\u011fitimin toparlanma a\u015famas\u0131na ula\u015fmas\u0131 i\u00e7in \u00e7abalar\u0131n koordine edilmesinin \u00f6nemini vurgulad\u0131. \u200f<\/p>\n","protected":false},"excerpt":{"rendered":"<p>\u015eAM (SANA) \u2013 Milli E\u011fitim Bakan\u0131 Muhammed Abdurrahman Turko, bug\u00fcn Almanya Ekonomik \u0130\u015fbirli\u011fi ve Kalk\u0131nma Bakanl\u0131\u011f\u0131 (BMZ) Orta Do\u011fu B\u00f6lgesi Genel M\u00fcd\u00fcr\u00fc Christine Toitzke ve beraberindeki heyet ile iki \u00fclke aras\u0131nda e\u011fitim sekt\u00f6r\u00fcnde ortak i\u015fbirli\u011finin yollar\u0131 ve beklentileri konusunda g\u00f6r\u00fc\u015ft\u00fc. Bakan Turko, mesleki e\u011fitimde Alman deneyiminden yararlanman\u0131n \u00f6nemini vurgulayarak, Alman taraf\u0131na Suriye halk\u0131na verdi\u011fi s\u00fcrekli &hellip;<\/p>\n","protected":false},"author":39,"featured_media":322124,"comment_status":"closed","ping_status":"closed","sticky":false,"template":"","format":"standard","meta":{"footnotes":""},"categories":[589,479,17988,478],"tags":[],"class_list":["post-322123","post","type-post","status-publish","format-standard","has-post-thumbnail","","category-haber-seridi","category-haberler-yerel","category-son-haberler","category-yerel"],"_links":{"self":[{"href":"https:\/\/archive.sana.sy\/tr\/index.php?rest_route=\/wp\/v2\/posts\/322123","targetHints":{"allow":["GET"]}}],"collection":[{"href":"https:\/\/archive.sana.sy\/tr\/index.php?rest_route=\/wp\/v2\/posts"}],"about":[{"href":"https:\/\/archive.sana.sy\/tr\/index.php?rest_route=\/wp\/v2\/types\/post"}],"author":[{"embeddable":true,"href":"https:\/\/archive.sana.sy\/tr\/index.php?rest_route=\/wp\/v2\/users\/39"}],"replies":[{"embeddable":true,"href":"https:\/\/archive.sana.sy\/tr\/index.php?rest_route=%2Fwp%2Fv2%2Fcomments&post=322123"}],"version-history":[{"count":1,"href":"https:\/\/archive.sana.sy\/tr\/index.php?rest_route=\/wp\/v2\/posts\/322123\/revisions"}],"predecessor-version":[{"id":322126,"href":"https:\/\/archive.sana.sy\/tr\/index.php?rest_route=\/wp\/v2\/posts\/322123\/revisions\/322126"}],"wp:featuredmedia":[{"embeddable":true,"href":"https:\/\/archive.sana.sy\/tr\/index.php?rest_route=\/wp\/v2\/media\/322124"}],"wp:attachment":[{"href":"https:\/\/archive.sana.sy\/tr\/index.php?rest_route=%2Fwp%2Fv2%2Fmedia&parent=322123"}],"wp:term":[{"taxonomy":"category","embeddable":true,"href":"https:\/\/archive.sana.sy\/tr\/index.php?rest_route=%2Fwp%2Fv2%2Fcategories&post=322123"},{"taxonomy":"post_tag","embeddable":true,"href":"https:\/\/archive.sana.sy\/tr\/index.php?rest_route=%2Fwp%2Fv2%2Ftags&post=322123"}],"curies":[{"name":"wp","href":"https:\/\/api.w.org\/{rel}","templated":true}]}}