{"id":322128,"date":"2025-05-29T10:45:20","date_gmt":"2025-05-29T07:45:20","guid":{"rendered":"https:\/\/sana.sy\/tr\/?p=322128"},"modified":"2025-05-29T10:45:20","modified_gmt":"2025-05-29T07:45:20","slug":"pedersen-bm-suriyedeki-devlet-kurumlarinin-basarili-bir-siyasi-gecis-saglamasi-icin-destek-vermeye-devam-edecek","status":"publish","type":"post","link":"https:\/\/archive.sana.sy\/tr\/?p=322128","title":{"rendered":"Pedersen: BM, Suriye&#8217;deki Devlet Kurumlar\u0131n\u0131n Ba\u015far\u0131l\u0131 Bir Siyasi Ge\u00e7i\u015f Sa\u011flamas\u0131 \u0130\u00e7in Destek Vermeye Devam Edecek"},"content":{"rendered":"<p style=\"text-align: justify;\"><strong>\u015eAM (SANA) \u2013<\/strong> BM Genel Sekreteri&#8217;nin Suriye \u00d6zel Temsilcisi Geir Pedersen, Birle\u015fmi\u015f Milletler&#8217;in Suriye&#8217;deki devlet kurumlar\u0131n\u0131 ba\u015far\u0131l\u0131 bir siyasi ge\u00e7i\u015fin sa\u011flanmas\u0131 i\u00e7in desteklemeye devam edece\u011fini belirtti.<\/p>\n<p style=\"text-align: justify;\">Pedersen, X platformunda payla\u015ft\u0131\u011f\u0131 tweetinde \u015funlar\u0131 s\u00f6yledi: &#8220;\u015eam&#8217;da Adalet Bakan\u0131 Mazhar El Veysi ile Suriye&#8217;de yarg\u0131 reformunun \u00f6nemini ele ald\u0131\u011f\u0131m\u0131z verimli bir toplant\u0131 ger\u00e7ekle\u015ftirdik. Say\u0131n Bakan, bu alanda yap\u0131lan \u00e7al\u0131\u015fmalar hakk\u0131nda bana bilgi verdi, mevcut zorluklar\u0131 vurgulad\u0131 ve Birle\u015fmi\u015f Milletler ve uluslararas\u0131 kurulu\u015flar\u0131n deste\u011finin gereklili\u011finin alt\u0131n\u0131 \u00e7izdi&#8221;.<\/p>\n<p style=\"text-align: justify;\">Pedersen ayr\u0131ca, \u0130\u00e7i\u015fleri Bakan\u0131 Anas Hattab ile g\u00f6r\u00fc\u015fmesinin ard\u0131ndan bir di\u011fer tweetinde, &#8220;Bakan Hattab ile yap\u0131c\u0131 bir g\u00f6r\u00fc\u015fme ger\u00e7ekle\u015ftirdik. G\u00f6r\u00fc\u015fmede g\u00fcvenlik sekt\u00f6r\u00fcn\u00fcn reformu ve bakanl\u0131k i\u00e7indeki son \u00f6rg\u00fctsel yeniden yap\u0131lanma konular\u0131n\u0131 ele ald\u0131k&#8221; ifadelerini kulland\u0131.<\/p>\n<p style=\"text-align: justify;\">\u00d6zel Temsilci, Bakan Hattab&#8217;\u0131n Suriye&#8217;nin kar\u015f\u0131 kar\u015f\u0131ya oldu\u011fu mevcut zorluklar ve bakanl\u0131\u011f\u0131n \u00fclke genelinde istikrarl\u0131 bir g\u00fcvenlik ortam\u0131n\u0131 te\u015fvik etme \u00e7abalar\u0131 konusunda g\u00f6r\u00fc\u015f bildirdi\u011fini de kaydetti.<\/p>\n<p style=\"text-align: justify;\">Pedersen, &#8220;G\u00fcvenlik ve emniyet, Suriye&#8217;de kapsaml\u0131 ve sorunsuz bir siyasi ge\u00e7i\u015fin sa\u011flanmas\u0131 i\u00e7in olmazsa olmaz unsurlard\u0131r&#8221; de ifadelerini s\u00f6zlerine ekledi.<\/p>\n<p style=\"text-align: justify;\">Pedersen, yapt\u0131\u011f\u0131 tweette E\u011fitim Bakan\u0131 Muhammed Abdulrahman Tarko ile yapt\u0131\u011f\u0131 g\u00f6r\u00fc\u015fmenin yap\u0131c\u0131 ve verimli oldu\u011funu belireterek, &#8220;E\u011fitim Bakan\u0131 Muhammed Abdurrahman Turko ile yap\u0131c\u0131 ve verimli bir toplant\u0131 ger\u00e7ekle\u015ftirdik. Kendisi bize Suriye&#8217;deki e\u011fitim sekt\u00f6r\u00fcn\u00fcn kar\u015f\u0131 kar\u015f\u0131ya oldu\u011fu \u00e7ok say\u0131da zorluk, bakanl\u0131\u011f\u0131n ileriye y\u00f6nelik benimsedi\u011fi stratejik planlar ve deste\u011fe duyulan ihtiya\u00e7 hakk\u0131nda bilgi verdi&#8221; a\u00e7\u0131klamas\u0131nda bulundu.<\/p>\n<p style=\"text-align: justify;\">Birle\u015fmi\u015f Milletler sistemi de dahil olmak \u00fczere Suriye&#8217;ye y\u00f6nelik g\u00fc\u00e7l\u00fc uluslararas\u0131 deste\u011fin devam etmesi gerekti\u011fini vurgulayan \u00d6zel temsilci Pedersen, &#8220;Suriyeli gen\u00e7ler y\u00fcksek kalitede bir e\u011fitimi ve daha iyi bir gelecek in\u015fa etmeye katk\u0131da bulunma f\u0131rsat\u0131n\u0131 hak ediyor&#8221; ifadeleriyle s\u00f6zlerini tamamlam\u0131\u015ft\u0131r.<\/p>\n","protected":false},"excerpt":{"rendered":"<p>\u015eAM (SANA) \u2013 BM Genel Sekreteri&#8217;nin Suriye \u00d6zel Temsilcisi Geir Pedersen, Birle\u015fmi\u015f Milletler&#8217;in Suriye&#8217;deki devlet kurumlar\u0131n\u0131 ba\u015far\u0131l\u0131 bir siyasi ge\u00e7i\u015fin sa\u011flanmas\u0131 i\u00e7in desteklemeye devam edece\u011fini belirtti. Pedersen, X platformunda payla\u015ft\u0131\u011f\u0131 tweetinde \u015funlar\u0131 s\u00f6yledi: &#8220;\u015eam&#8217;da Adalet Bakan\u0131 Mazhar El Veysi ile Suriye&#8217;de yarg\u0131 reformunun \u00f6nemini ele ald\u0131\u011f\u0131m\u0131z verimli bir toplant\u0131 ger\u00e7ekle\u015ftirdik. Say\u0131n Bakan, bu alanda yap\u0131lan &hellip;<\/p>\n","protected":false},"author":39,"featured_media":322129,"comment_status":"closed","ping_status":"closed","sticky":false,"template":"","format":"standard","meta":{"footnotes":""},"categories":[458,589,459,17988],"tags":[],"class_list":["post-322128","post","type-post","status-publish","format-standard","has-post-thumbnail","","category-dunya1","category-haber-seridi","category-haberler-arap-uluslararasi-politika","category-son-haberler"],"_links":{"self":[{"href":"https:\/\/archive.sana.sy\/tr\/index.php?rest_route=\/wp\/v2\/posts\/322128","targetHints":{"allow":["GET"]}}],"collection":[{"href":"https:\/\/archive.sana.sy\/tr\/index.php?rest_route=\/wp\/v2\/posts"}],"about":[{"href":"https:\/\/archive.sana.sy\/tr\/index.php?rest_route=\/wp\/v2\/types\/post"}],"author":[{"embeddable":true,"href":"https:\/\/archive.sana.sy\/tr\/index.php?rest_route=\/wp\/v2\/users\/39"}],"replies":[{"embeddable":true,"href":"https:\/\/archive.sana.sy\/tr\/index.php?rest_route=%2Fwp%2Fv2%2Fcomments&post=322128"}],"version-history":[{"count":1,"href":"https:\/\/archive.sana.sy\/tr\/index.php?rest_route=\/wp\/v2\/posts\/322128\/revisions"}],"predecessor-version":[{"id":322130,"href":"https:\/\/archive.sana.sy\/tr\/index.php?rest_route=\/wp\/v2\/posts\/322128\/revisions\/322130"}],"wp:featuredmedia":[{"embeddable":true,"href":"https:\/\/archive.sana.sy\/tr\/index.php?rest_route=\/wp\/v2\/media\/322129"}],"wp:attachment":[{"href":"https:\/\/archive.sana.sy\/tr\/index.php?rest_route=%2Fwp%2Fv2%2Fmedia&parent=322128"}],"wp:term":[{"taxonomy":"category","embeddable":true,"href":"https:\/\/archive.sana.sy\/tr\/index.php?rest_route=%2Fwp%2Fv2%2Fcategories&post=322128"},{"taxonomy":"post_tag","embeddable":true,"href":"https:\/\/archive.sana.sy\/tr\/index.php?rest_route=%2Fwp%2Fv2%2Ftags&post=322128"}],"curies":[{"name":"wp","href":"https:\/\/api.w.org\/{rel}","templated":true}]}}