{"id":322139,"date":"2025-05-29T11:27:32","date_gmt":"2025-05-29T08:27:32","guid":{"rendered":"https:\/\/sana.sy\/tr\/?p=322139"},"modified":"2025-05-29T18:58:21","modified_gmt":"2025-05-29T15:58:21","slug":"turk-firmalari-buildex-fuarinda-suriyenin-yeniden-insasina-katilma-kararliliklarini-dile-getirdi","status":"publish","type":"post","link":"https:\/\/archive.sana.sy\/tr\/?p=322139","title":{"rendered":"T\u00fcrk Firmalar\u0131, &#8220;Buildex&#8221; Fuar\u0131nda Suriye&#8217;nin Yeniden \u0130n\u015fas\u0131na Kat\u0131lma Niyetlerini Vurgulad\u0131"},"content":{"rendered":"<p style=\"text-align: justify;\"><span style=\"color: #ff0000;\"><strong>\u015eAM (SANA) \u2013 <\/strong><\/span>\u0130n\u015faat sekt\u00f6r\u00fcnde faaliyet g\u00f6steren T\u00fcrk firmalar\u0131, \u015eam Fuarlar Kentinde d\u00fczenlenen ve 31 May\u0131s&#8217;a kadar devam edecek olan &#8220;Buildex&#8221; fuar\u0131na 112 firmayla kat\u0131l\u0131m sa\u011flad\u0131.<\/p>\n<p style=\"text-align: justify;\">Fuara kat\u0131lan T\u00fcrk \u015firketleri, devrik rejimin son 14 y\u0131lda yol a\u00e7t\u0131\u011f\u0131 b\u00fcy\u00fck y\u0131k\u0131m\u0131n ard\u0131ndan \u00f6n\u00fcm\u00fczdeki yeniden yap\u0131lanma s\u00fcrecinde \u00f6nemli rol oynamaya haz\u0131r olduklar\u0131n\u0131 vurgulad\u0131.<\/p>\n<div id='gallery-1' class='gallery galleryid-322139 gallery-columns-2 gallery-size-full'><figure class='gallery-item'>\n\t\t\t<div class='gallery-icon landscape'>\n\t\t\t\t<a href='https:\/\/archive.sana.sy\/tr\/wp-content\/uploads\/2025\/05\/photo_1_2025-05-28_23-44-31-copy.jpg'><img loading=\"lazy\" decoding=\"async\" width=\"660\" height=\"387\" src=\"https:\/\/archive.sana.sy\/tr\/wp-content\/uploads\/2025\/05\/photo_1_2025-05-28_23-44-31-copy.jpg\" class=\"attachment-full size-full\" alt=\"\" srcset=\"https:\/\/archive.sana.sy\/tr\/wp-content\/uploads\/2025\/05\/photo_1_2025-05-28_23-44-31-copy.jpg 660w, https:\/\/archive.sana.sy\/tr\/wp-content\/uploads\/2025\/05\/photo_1_2025-05-28_23-44-31-copy-300x176.jpg 300w\" sizes=\"auto, (max-width: 660px) 100vw, 660px\" \/><\/a>\n\t\t\t<\/div><\/figure><figure class='gallery-item'>\n\t\t\t<div class='gallery-icon landscape'>\n\t\t\t\t<a href='https:\/\/archive.sana.sy\/tr\/wp-content\/uploads\/2025\/05\/photo_3_2025-05-28_23-44-31-copy.jpg'><img loading=\"lazy\" decoding=\"async\" width=\"660\" height=\"405\" src=\"https:\/\/archive.sana.sy\/tr\/wp-content\/uploads\/2025\/05\/photo_3_2025-05-28_23-44-31-copy.jpg\" class=\"attachment-full size-full\" alt=\"\" srcset=\"https:\/\/archive.sana.sy\/tr\/wp-content\/uploads\/2025\/05\/photo_3_2025-05-28_23-44-31-copy.jpg 660w, https:\/\/archive.sana.sy\/tr\/wp-content\/uploads\/2025\/05\/photo_3_2025-05-28_23-44-31-copy-300x184.jpg 300w\" sizes=\"auto, (max-width: 660px) 100vw, 660px\" \/><\/a>\n\t\t\t<\/div><\/figure>\n\t\t<\/div>\n\n","protected":false},"excerpt":{"rendered":"<p>\u015eAM (SANA) \u2013 \u0130n\u015faat sekt\u00f6r\u00fcnde faaliyet g\u00f6steren T\u00fcrk firmalar\u0131, \u015eam Fuarlar Kentinde d\u00fczenlenen ve 31 May\u0131s&#8217;a kadar devam edecek olan &#8220;Buildex&#8221; fuar\u0131na 112 firmayla kat\u0131l\u0131m sa\u011flad\u0131. Fuara kat\u0131lan T\u00fcrk \u015firketleri, devrik rejimin son 14 y\u0131lda yol a\u00e7t\u0131\u011f\u0131 b\u00fcy\u00fck y\u0131k\u0131m\u0131n ard\u0131ndan \u00f6n\u00fcm\u00fczdeki yeniden yap\u0131lanma s\u00fcrecinde \u00f6nemli rol oynamaya haz\u0131r olduklar\u0131n\u0131 vurgulad\u0131.<\/p>\n","protected":false},"author":39,"featured_media":322140,"comment_status":"closed","ping_status":"closed","sticky":false,"template":"","format":"standard","meta":{"footnotes":""},"categories":[589,479,17988,478],"tags":[],"class_list":["post-322139","post","type-post","status-publish","format-standard","has-post-thumbnail","","category-haber-seridi","category-haberler-yerel","category-son-haberler","category-yerel"],"_links":{"self":[{"href":"https:\/\/archive.sana.sy\/tr\/index.php?rest_route=\/wp\/v2\/posts\/322139","targetHints":{"allow":["GET"]}}],"collection":[{"href":"https:\/\/archive.sana.sy\/tr\/index.php?rest_route=\/wp\/v2\/posts"}],"about":[{"href":"https:\/\/archive.sana.sy\/tr\/index.php?rest_route=\/wp\/v2\/types\/post"}],"author":[{"embeddable":true,"href":"https:\/\/archive.sana.sy\/tr\/index.php?rest_route=\/wp\/v2\/users\/39"}],"replies":[{"embeddable":true,"href":"https:\/\/archive.sana.sy\/tr\/index.php?rest_route=%2Fwp%2Fv2%2Fcomments&post=322139"}],"version-history":[{"count":4,"href":"https:\/\/archive.sana.sy\/tr\/index.php?rest_route=\/wp\/v2\/posts\/322139\/revisions"}],"predecessor-version":[{"id":322178,"href":"https:\/\/archive.sana.sy\/tr\/index.php?rest_route=\/wp\/v2\/posts\/322139\/revisions\/322178"}],"wp:featuredmedia":[{"embeddable":true,"href":"https:\/\/archive.sana.sy\/tr\/index.php?rest_route=\/wp\/v2\/media\/322140"}],"wp:attachment":[{"href":"https:\/\/archive.sana.sy\/tr\/index.php?rest_route=%2Fwp%2Fv2%2Fmedia&parent=322139"}],"wp:term":[{"taxonomy":"category","embeddable":true,"href":"https:\/\/archive.sana.sy\/tr\/index.php?rest_route=%2Fwp%2Fv2%2Fcategories&post=322139"},{"taxonomy":"post_tag","embeddable":true,"href":"https:\/\/archive.sana.sy\/tr\/index.php?rest_route=%2Fwp%2Fv2%2Ftags&post=322139"}],"curies":[{"name":"wp","href":"https:\/\/api.w.org\/{rel}","templated":true}]}}