{"id":322153,"date":"2025-05-29T12:13:25","date_gmt":"2025-05-29T09:13:25","guid":{"rendered":"https:\/\/sana.sy\/tr\/?p=322153"},"modified":"2025-05-29T18:55:58","modified_gmt":"2025-05-29T15:55:58","slug":"frontex-yerinden-edilmis-suriyelilerin-ulkelerine-gonullu-donuslerini-desteklemeye-haziriz","status":"publish","type":"post","link":"https:\/\/archive.sana.sy\/tr\/?p=322153","title":{"rendered":"Frontex: Yerinden Edilmi\u015f Suriyelilerin \u00dclkelerine G\u00f6n\u00fcll\u00fc D\u00f6n\u00fc\u015flerini Desteklemeye Haz\u0131r\u0131z"},"content":{"rendered":"<p style=\"text-align: justify;\"><span style=\"color: #ff0000;\"><strong>VAR\u015eOVA (SANA) &#8211; <\/strong><\/span>Avrupa S\u0131n\u0131r ve Sahil G\u00fcvenlik Ajans\u0131 (Frontex), yerinden edilmi\u015f Suriyelilerin \u00fclkelerine g\u00f6n\u00fcll\u00fc d\u00f6n\u00fc\u015flerini desteklemeye haz\u0131r oldu\u011funu duyurdu.<\/p>\n<p style=\"text-align: justify;\">\u00a0Ajans, internet sitesinde yapt\u0131\u011f\u0131 a\u00e7\u0131klamada, \u00fclkelerine geri d\u00f6nen t\u00fcm Suriyelilerin haklar\u0131n\u0131n ve kararlar\u0131n\u0131n g\u00f6n\u00fcll\u00fcl\u00fck esas\u0131na dayand\u0131\u011f\u0131n\u0131n tam olarak fark\u0131nda olmalar\u0131n\u0131 ve her geri d\u00f6n\u00fc\u015f s\u00fcrecinin Avrupa Birli\u011fi hukuku ve uluslararas\u0131 koruma standartlar\u0131na uygun olarak y\u00fcr\u00fct\u00fclmesini sa\u011flamaya \u00e7al\u0131\u015ft\u0131klar\u0131n\u0131 belirtti.<\/p>\n<p style=\"text-align: justify;\">\u00a0Frontex Ajans\u0131, ge\u00e7en mart ay\u0131ndan bu yana 1.000&#8217;den fazla g\u00f6n\u00fcll\u00fc d\u00f6n\u00fc\u015f\u00fcn kolayla\u015ft\u0131r\u0131ld\u0131\u011f\u0131n\u0131 kaydetti.<\/p>\n<p style=\"text-align: justify;\">\u00a0Frontex ayr\u0131ca, \u00f6n\u00fcm\u00fczdeki g\u00fcnlerde Suriye&#8217;ye g\u00f6n\u00fcll\u00fc olarak d\u00f6nenler i\u00e7in Avrupa Yeniden Entegrasyon Program\u0131&#8217;n\u0131n co\u011frafi kapsam\u0131n\u0131 geni\u015fleterek yeniden entegrasyon tedbirleri sa\u011flayaca\u011f\u0131n\u0131 a\u00e7\u0131klayarak, \u00fcye devletlere, bireylerin onurlu bir \u015fekilde geri d\u00f6nmeleri i\u00e7in bir yol sa\u011flama ve anavatanlar\u0131nda hayatlar\u0131n\u0131 yeniden kurmay\u0131 se\u00e7enlere yard\u0131mc\u0131 olma konusunda destek vermeye devam edece\u011fini teyit etti.<\/p>\n","protected":false},"excerpt":{"rendered":"<p>VAR\u015eOVA (SANA) &#8211; Avrupa S\u0131n\u0131r ve Sahil G\u00fcvenlik Ajans\u0131 (Frontex), yerinden edilmi\u015f Suriyelilerin \u00fclkelerine g\u00f6n\u00fcll\u00fc d\u00f6n\u00fc\u015flerini desteklemeye haz\u0131r oldu\u011funu duyurdu. \u00a0Ajans, internet sitesinde yapt\u0131\u011f\u0131 a\u00e7\u0131klamada, \u00fclkelerine geri d\u00f6nen t\u00fcm Suriyelilerin haklar\u0131n\u0131n ve kararlar\u0131n\u0131n g\u00f6n\u00fcll\u00fcl\u00fck esas\u0131na dayand\u0131\u011f\u0131n\u0131n tam olarak fark\u0131nda olmalar\u0131n\u0131 ve her geri d\u00f6n\u00fc\u015f s\u00fcrecinin Avrupa Birli\u011fi hukuku ve uluslararas\u0131 koruma standartlar\u0131na uygun olarak y\u00fcr\u00fct\u00fclmesini &hellip;<\/p>\n","protected":false},"author":39,"featured_media":322154,"comment_status":"closed","ping_status":"closed","sticky":false,"template":"","format":"standard","meta":{"footnotes":""},"categories":[458,589,459,17988],"tags":[],"class_list":["post-322153","post","type-post","status-publish","format-standard","has-post-thumbnail","","category-dunya1","category-haber-seridi","category-haberler-arap-uluslararasi-politika","category-son-haberler"],"_links":{"self":[{"href":"https:\/\/archive.sana.sy\/tr\/index.php?rest_route=\/wp\/v2\/posts\/322153","targetHints":{"allow":["GET"]}}],"collection":[{"href":"https:\/\/archive.sana.sy\/tr\/index.php?rest_route=\/wp\/v2\/posts"}],"about":[{"href":"https:\/\/archive.sana.sy\/tr\/index.php?rest_route=\/wp\/v2\/types\/post"}],"author":[{"embeddable":true,"href":"https:\/\/archive.sana.sy\/tr\/index.php?rest_route=\/wp\/v2\/users\/39"}],"replies":[{"embeddable":true,"href":"https:\/\/archive.sana.sy\/tr\/index.php?rest_route=%2Fwp%2Fv2%2Fcomments&post=322153"}],"version-history":[{"count":2,"href":"https:\/\/archive.sana.sy\/tr\/index.php?rest_route=\/wp\/v2\/posts\/322153\/revisions"}],"predecessor-version":[{"id":322175,"href":"https:\/\/archive.sana.sy\/tr\/index.php?rest_route=\/wp\/v2\/posts\/322153\/revisions\/322175"}],"wp:featuredmedia":[{"embeddable":true,"href":"https:\/\/archive.sana.sy\/tr\/index.php?rest_route=\/wp\/v2\/media\/322154"}],"wp:attachment":[{"href":"https:\/\/archive.sana.sy\/tr\/index.php?rest_route=%2Fwp%2Fv2%2Fmedia&parent=322153"}],"wp:term":[{"taxonomy":"category","embeddable":true,"href":"https:\/\/archive.sana.sy\/tr\/index.php?rest_route=%2Fwp%2Fv2%2Fcategories&post=322153"},{"taxonomy":"post_tag","embeddable":true,"href":"https:\/\/archive.sana.sy\/tr\/index.php?rest_route=%2Fwp%2Fv2%2Ftags&post=322153"}],"curies":[{"name":"wp","href":"https:\/\/api.w.org\/{rel}","templated":true}]}}