{"id":322156,"date":"2025-05-29T12:21:54","date_gmt":"2025-05-29T09:21:54","guid":{"rendered":"https:\/\/sana.sy\/tr\/?p=322156"},"modified":"2025-05-29T18:57:03","modified_gmt":"2025-05-29T15:57:03","slug":"trump-sama-atanan-yeni-abd-temsilcisinin-suriye-ile-calismanin-buyuk-potansiyelinin-farkinda-oldugunu-vurguladi","status":"publish","type":"post","link":"https:\/\/archive.sana.sy\/tr\/?p=322156","title":{"rendered":"Trump, \u015eam&#8217;a Atanan Yeni ABD Temsilcisinin Suriye \u0130le \u00c7al\u0131\u015fman\u0131n B\u00fcy\u00fck Potansiyelinin Fark\u0131nda Oldu\u011funu Vurgulad\u0131"},"content":{"rendered":"<p style=\"text-align: justify;\"><span style=\"color: #ff0000;\"><strong>VA\u015e\u0130NGTON (SANA) \u2013<\/strong><\/span> ABD Ba\u015fkan\u0131 Donald Trump, \u015eam&#8217;a yeni atanan ABD B\u00fcy\u00fckel\u00e7isi Thomas Barrack&#8217;\u0131n Suriye ile i\u015fbirli\u011finin b\u00fcy\u00fck potansiyelinin fark\u0131nda oldu\u011funu a\u00e7\u0131klad\u0131.<\/p>\n<p style=\"text-align: justify;\">Trump, D\u0131\u015fi\u015fleri Bakanl\u0131\u011f\u0131&#8217;n\u0131n X platformunda yapt\u0131\u011f\u0131 bir payla\u015f\u0131mda, &#8220;Thomas Barrack&#8217;\u0131n Suriye&#8217;ye yeni ABD el\u00e7isi olarak atanmas\u0131ndan memnuniyet duyuyorum.\u00a0 \u015eam ile ili\u015fkilerin iyile\u015ftirilmesi, bar\u0131\u015f\u0131n sa\u011flanmas\u0131 ve Orta Do\u011fu&#8217;da a\u015f\u0131r\u0131l\u0131\u011f\u0131n durdurulmas\u0131 i\u00e7in \u00e7al\u0131\u015fman\u0131n b\u00fcy\u00fck potansiyelini tamamen anl\u0131yor&#8221; dedi.<\/p>\n","protected":false},"excerpt":{"rendered":"<p>VA\u015e\u0130NGTON (SANA) \u2013 ABD Ba\u015fkan\u0131 Donald Trump, \u015eam&#8217;a yeni atanan ABD B\u00fcy\u00fckel\u00e7isi Thomas Barrack&#8217;\u0131n Suriye ile i\u015fbirli\u011finin b\u00fcy\u00fck potansiyelinin fark\u0131nda oldu\u011funu a\u00e7\u0131klad\u0131. Trump, D\u0131\u015fi\u015fleri Bakanl\u0131\u011f\u0131&#8217;n\u0131n X platformunda yapt\u0131\u011f\u0131 bir payla\u015f\u0131mda, &#8220;Thomas Barrack&#8217;\u0131n Suriye&#8217;ye yeni ABD el\u00e7isi olarak atanmas\u0131ndan memnuniyet duyuyorum.\u00a0 \u015eam ile ili\u015fkilerin iyile\u015ftirilmesi, bar\u0131\u015f\u0131n sa\u011flanmas\u0131 ve Orta Do\u011fu&#8217;da a\u015f\u0131r\u0131l\u0131\u011f\u0131n durdurulmas\u0131 i\u00e7in \u00e7al\u0131\u015fman\u0131n b\u00fcy\u00fck potansiyelini &hellip;<\/p>\n","protected":false},"author":39,"featured_media":322157,"comment_status":"closed","ping_status":"closed","sticky":false,"template":"","format":"standard","meta":{"footnotes":""},"categories":[458,589,459,17988],"tags":[],"class_list":["post-322156","post","type-post","status-publish","format-standard","has-post-thumbnail","","category-dunya1","category-haber-seridi","category-haberler-arap-uluslararasi-politika","category-son-haberler"],"_links":{"self":[{"href":"https:\/\/archive.sana.sy\/tr\/index.php?rest_route=\/wp\/v2\/posts\/322156","targetHints":{"allow":["GET"]}}],"collection":[{"href":"https:\/\/archive.sana.sy\/tr\/index.php?rest_route=\/wp\/v2\/posts"}],"about":[{"href":"https:\/\/archive.sana.sy\/tr\/index.php?rest_route=\/wp\/v2\/types\/post"}],"author":[{"embeddable":true,"href":"https:\/\/archive.sana.sy\/tr\/index.php?rest_route=\/wp\/v2\/users\/39"}],"replies":[{"embeddable":true,"href":"https:\/\/archive.sana.sy\/tr\/index.php?rest_route=%2Fwp%2Fv2%2Fcomments&post=322156"}],"version-history":[{"count":2,"href":"https:\/\/archive.sana.sy\/tr\/index.php?rest_route=\/wp\/v2\/posts\/322156\/revisions"}],"predecessor-version":[{"id":322176,"href":"https:\/\/archive.sana.sy\/tr\/index.php?rest_route=\/wp\/v2\/posts\/322156\/revisions\/322176"}],"wp:featuredmedia":[{"embeddable":true,"href":"https:\/\/archive.sana.sy\/tr\/index.php?rest_route=\/wp\/v2\/media\/322157"}],"wp:attachment":[{"href":"https:\/\/archive.sana.sy\/tr\/index.php?rest_route=%2Fwp%2Fv2%2Fmedia&parent=322156"}],"wp:term":[{"taxonomy":"category","embeddable":true,"href":"https:\/\/archive.sana.sy\/tr\/index.php?rest_route=%2Fwp%2Fv2%2Fcategories&post=322156"},{"taxonomy":"post_tag","embeddable":true,"href":"https:\/\/archive.sana.sy\/tr\/index.php?rest_route=%2Fwp%2Fv2%2Ftags&post=322156"}],"curies":[{"name":"wp","href":"https:\/\/api.w.org\/{rel}","templated":true}]}}