{"id":322169,"date":"2025-05-29T17:39:04","date_gmt":"2025-05-29T14:39:04","guid":{"rendered":"https:\/\/sana.sy\/tr\/?p=322169"},"modified":"2025-05-31T09:47:25","modified_gmt":"2025-05-31T06:47:25","slug":"enerji-bakanligi-cumhurbaskani-el-saranin-huzurunda-uluslararasi-sirketlerle-mutabakat-zapti-imzaladi","status":"publish","type":"post","link":"https:\/\/archive.sana.sy\/tr\/?p=322169","title":{"rendered":"Enerji Bakanl\u0131\u011f\u0131, Cumhurba\u015fkan\u0131 El \u015eara&#8217;n\u0131n Huzurunda Uluslararas\u0131 \u015eirketlerle Mutabakat Zapt\u0131 \u0130mzalad\u0131"},"content":{"rendered":"<p style=\"text-align: justify;\"><span style=\"color: #800000;\"><strong>\u015eAM (SANA)<\/strong> &#8211;<\/span> Enerji Bakanl\u0131\u011f\u0131, Cumhurba\u015fkan\u0131 Say\u0131n Ahmed El \u015eara&#8217;n\u0131n huzurunda enerji sekt\u00f6r\u00fcnde yat\u0131r\u0131m\u0131 te\u015fvik etmek i\u00e7in uluslararas\u0131 \u015firketlerle mutabakat zapt\u0131 imzalad\u0131.<\/p>\n<p style=\"text-align: justify;\">Enerji Bakanl\u0131\u011f\u0131, UCC Group International, UrbaCon, Power International, Cengiz Energy ve Calyon Energy ile mutabakat zapt\u0131 imzalad\u0131.<\/p>\n<p style=\"text-align: justify;\">\u0130mza t\u00f6reninde yapt\u0131\u011f\u0131 konu\u015fmada Enerji Bakan\u0131 Muhammed El Be\u015fir \u015funlar\u0131 s\u00f6yledi: &#8221;Bug\u00fcn, Suriye&#8217;deki enerji ve elektrik sekt\u00f6r\u00fcnde bir d\u00f6n\u00fcm noktas\u0131n\u0131 temsil eden tarihi bir ana tan\u0131kl\u0131k ediyoruz; bu \u00f6nemli sekt\u00f6rdeki harap olmu\u015f altyap\u0131y\u0131 yeniden in\u015fa ediyoruz.&#8221;\u00a0 <img loading=\"lazy\" decoding=\"async\" class=\" wp-image-322171 alignright\" src=\"http:\/\/sana.sy\/tr\/wp-content\/uploads\/2025\/05\/photo_2025-05-29_15-37-35-300x188.jpg\" alt=\"\" width=\"286\" height=\"179\" srcset=\"https:\/\/archive.sana.sy\/tr\/wp-content\/uploads\/2025\/05\/photo_2025-05-29_15-37-35-300x188.jpg 300w, https:\/\/archive.sana.sy\/tr\/wp-content\/uploads\/2025\/05\/photo_2025-05-29_15-37-35-1024x642.jpg 1024w, https:\/\/archive.sana.sy\/tr\/wp-content\/uploads\/2025\/05\/photo_2025-05-29_15-37-35-768x482.jpg 768w, https:\/\/archive.sana.sy\/tr\/wp-content\/uploads\/2025\/05\/photo_2025-05-29_15-37-35.jpg 1151w\" sizes=\"auto, (max-width: 286px) 100vw, 286px\" \/><\/p>\n<p style=\"text-align: justify;\">El Be\u015fir Bakan\u0131 ayr\u0131ca, &#8221;Bu mutabakat, enerji sekt\u00f6r\u00fcnde b\u00f6lgesel i\u015f birli\u011fini ve entegrasyonu g\u00fc\u00e7lendiriyor ve temiz ve yenilenebilir enerji projelerini te\u015fvik etmemize yard\u0131mc\u0131 oluyor&#8221; ifadelerini kulland\u0131.<\/p>\n<p style=\"text-align: justify;\">Enerji Bakan\u0131 El Be\u015fir, 7 milyar dolarl\u0131k yat\u0131r\u0131m\u0131n 5.000 megavat \u00fcretmeye katk\u0131da bulunaca\u011f\u0131n\u0131, bunun da elektrik tedarik saatlerinin artmas\u0131na ve hayat\u0131n her alan\u0131n\u0131 olumlu y\u00f6nde etkileyece\u011fini de kaydetti.<\/p>\n<p style=\"text-align: justify;\">Enerji Bakan\u0131 konu\u015fmas\u0131nda da, &#8221;Anla\u015fma, Hama k\u0131rsal\u0131ndaki Deyrizor, Maherde ve Zaizun ile Humus k\u0131rsal\u0131ndaki Trifavi b\u00f6lgelerinde, Amerikan ve Avrupa teknolojileri kullan\u0131larak toplam \u00fcretim kapasitesi yakla\u015f\u0131k 4.000 megavat olarak tahmin edilen d\u00f6rt adet kombine \u00e7evrim gaz t\u00fcrbini (CCGT) santralinin geli\u015ftirilmesini ve ayr\u0131ca G\u00fcney Suriye&#8217;deki Vadi El Rabi b\u00f6lgesinde 1.000 megavatl\u0131k bir g\u00fcne\u015f enerjisi santralinin kurulmas\u0131n\u0131 i\u00e7eriyor&#8221; ifadelerini kulland\u0131.<\/p>\n<p style=\"text-align: justify;\">Muht\u0131ray\u0131 imzalamak i\u00e7in uygun ko\u015fullar\u0131 sa\u011flad\u0131klar\u0131 i\u00e7in Cumhurba\u015fkan\u0131 Ahmed El \u015eara, Katar Emiri Majesteleri \u015eeyh Tamim bin Hamad Al Sani ve ABD Ba\u015fkan\u0131 Donald Trump&#8217;a te\u015fekk\u00fcr eden El Hayyat \u015f\u00f6yle devam etti: &#8220;En son enerji ekipmanlar\u0131n\u0131 kullanaca\u011f\u0131z ve proje 50.000&#8217;den fazla do\u011frudan i\u015f f\u0131rsat\u0131 ve 250.000 dolayl\u0131 i\u015f f\u0131rsat\u0131 sa\u011flayarak Suriye&#8217;deki i\u015fg\u00fcc\u00fc piyasas\u0131n\u0131 desteklemeye katk\u0131da bulunacak.&#8221;<img loading=\"lazy\" decoding=\"async\" class=\" wp-image-322172 alignright\" src=\"http:\/\/sana.sy\/tr\/wp-content\/uploads\/2025\/05\/photo_2025-05-29_15-37-37-300x200.jpg\" alt=\"\" width=\"285\" height=\"190\" srcset=\"https:\/\/archive.sana.sy\/tr\/wp-content\/uploads\/2025\/05\/photo_2025-05-29_15-37-37-300x200.jpg 300w, https:\/\/archive.sana.sy\/tr\/wp-content\/uploads\/2025\/05\/photo_2025-05-29_15-37-37-1024x683.jpg 1024w, https:\/\/archive.sana.sy\/tr\/wp-content\/uploads\/2025\/05\/photo_2025-05-29_15-37-37-768x512.jpg 768w, https:\/\/archive.sana.sy\/tr\/wp-content\/uploads\/2025\/05\/photo_2025-05-29_15-37-37.jpg 1176w\" sizes=\"auto, (max-width: 285px) 100vw, 285px\" \/><\/p>\n<p style=\"text-align: justify;\">ABD&#8217;nin Suriye \u00d6zel Temsilcisi Thomas Barrack ise \u015funlar\u0131 s\u00f6yledi: &#8220;B\u00f6yle anlar s\u0131k \u200b\u200bs\u0131k ya\u015fanmaz ve ABD y\u00f6netiminin t\u00fcm \u00e7abalar\u0131 yeni Suriye h\u00fck\u00fcmetinin \u00e7\u0131kar\u0131nad\u0131r.&#8221;<\/p>\n<p style=\"text-align: justify;\">Barack ayr\u0131ca \u015funlar\u0131 ekledi: &#8220;Ba\u015fkan Donald Trump, 13 May\u0131s&#8217;ta Medeniyetlerin Annesi Suriye&#8217;ye uygulanan yapt\u0131r\u0131mlar\u0131 kald\u0131rma y\u00f6n\u00fcnde cesur bir karar ald\u0131.&#8221;<\/p>\n<p style=\"text-align: justify;\">ABD Temsilcisi, &#8220;Ba\u015fkan Trump&#8217;\u0131n selamlar\u0131n\u0131 iletiyorum ve Suriye h\u00fck\u00fcmetini destekleme taahh\u00fcd\u00fcn\u00fc teyit ediyorum&#8221; ifadelerini s\u00f6zlerine ekledi.<\/p>\n<p style=\"text-align: justify;\">Mutabakat zapt\u0131n\u0131n imzalanmas\u0131n\u0131n ard\u0131ndan d\u00fczenlenen bas\u0131n toplant\u0131s\u0131nda, El Be\u015fir \u015funlar\u0131 s\u00f6yledi: &#8221;Bug\u00fcn, Cumhurba\u015fkan\u0131 Ahmed El \u015eara&#8217;n\u0131n huzurunda, Suriye&#8217;deki en \u00f6nemli enerji anla\u015fmas\u0131 imzaland\u0131. Bu anla\u015fma, ekonomik kalk\u0131nmay\u0131 art\u0131racak, yeniden yap\u0131lanmay\u0131 h\u0131zland\u0131racak ve halk\u0131m\u0131z\u0131n \u00fczerindeki y\u00fckleri hafifletecek.&#8221;<\/p>\n<p style=\"text-align: justify;\">Enerji Bakan\u0131, &#8221;Mutabakat zapt\u0131, Suriye&#8217;de istikrar\u0131n, s\u00fcrd\u00fcr\u00fclebilirli\u011fin sa\u011flanmas\u0131na ve enerji g\u00fcvenli\u011finin sa\u011flanmas\u0131na yak\u0131nda katk\u0131da bulunacak&#8221; diyerek, \u00a0Bir sonraki a\u015faman\u0131n \u00dcrd\u00fcn ve T\u00fcrkiye&#8217;den yeni gaz tedariklerinin gelmesini i\u00e7erece\u011fini kaydetti.<\/p>\n<p style=\"text-align: justify;\">El Be\u015fir, gaz tedarikinin g\u00fcvence alt\u0131na al\u0131nmas\u0131n\u0131n, insanlar\u0131n ya\u015fam ko\u015fullar\u0131na yans\u0131yacak olan elektrik \u00fcretimi ve \u00e7al\u0131\u015fma saatlerinin artmas\u0131na katk\u0131da bulundu\u011funu a\u00e7\u0131klarken de,\u00a0 Suriye&#8217;nin ekonomiyi yeniden in\u015fa etmek ve kapsaml\u0131 kalk\u0131nma sa\u011flamak i\u00e7in \u00e7ok say\u0131da projeye ihtiya\u00e7 duydu\u011funu ve Suriye&#8217;ye y\u00f6nelik yapt\u0131r\u0131mlar\u0131n kald\u0131r\u0131lmas\u0131n\u0131n t\u00fcm sekt\u00f6rlerde yat\u0131r\u0131m i\u00e7in yeni ufuklar a\u00e7t\u0131\u011f\u0131n\u0131 belirtti.<\/p>\n<p style=\"text-align: justify;\">UrbaCon Holding CEO&#8217;su ise \u015funlar\u0131 s\u00f6yledi: &#8221;Bug\u00fcn imzalanan anla\u015fmalar Suriye&#8217;yi enerji a\u00e7\u0131\u011f\u0131 olan bir \u00fclkeden enerji ihra\u00e7 eden bir \u00fclkeye d\u00f6n\u00fc\u015ft\u00fcrecek. Bu enerji anla\u015fmalar\u0131 ve projeleri Suriye&#8217;de normal hayata d\u00f6n\u00fc\u015f i\u00e7in \u00e7ok \u00f6nemli bir dayanak.&#8221;<\/p>\n<p style=\"text-align: justify;\">Gaz ve g\u00fcne\u015f enerjisi projelerinde Amerikan ve Avrupa teknolojisinin kullan\u0131laca\u011f\u0131n\u0131 a\u00e7\u0131klayan El Hayyat \u015f\u00f6yle devam etti: \u201dEnerji projelerine ek olarak, \u00f6zellikle m\u00fcteahhitlik, altyap\u0131 ve yeniden in\u015fa olmak \u00fczere \u00e7e\u015fitli sekt\u00f6rlerde yat\u0131r\u0131mlara kat\u0131laca\u011f\u0131z.\u201d<\/p>\n","protected":false},"excerpt":{"rendered":"<p>\u015eAM (SANA) &#8211; Enerji Bakanl\u0131\u011f\u0131, Cumhurba\u015fkan\u0131 Say\u0131n Ahmed El \u015eara&#8217;n\u0131n huzurunda enerji sekt\u00f6r\u00fcnde yat\u0131r\u0131m\u0131 te\u015fvik etmek i\u00e7in uluslararas\u0131 \u015firketlerle mutabakat zapt\u0131 imzalad\u0131. Enerji Bakanl\u0131\u011f\u0131, UCC Group International, UrbaCon, Power International, Cengiz Energy ve Calyon Energy ile mutabakat zapt\u0131 imzalad\u0131. \u0130mza t\u00f6reninde yapt\u0131\u011f\u0131 konu\u015fmada Enerji Bakan\u0131 Muhammed El Be\u015fir \u015funlar\u0131 s\u00f6yledi: &#8221;Bug\u00fcn, Suriye&#8217;deki enerji ve elektrik &hellip;<\/p>\n","protected":false},"author":41,"featured_media":322170,"comment_status":"closed","ping_status":"closed","sticky":false,"template":"","format":"standard","meta":{"footnotes":""},"categories":[485,486,605],"tags":[],"class_list":["post-322169","post","type-post","status-publish","format-standard","has-post-thumbnail","","category-is-ve-sermaye","category-haberler-is-ve-sermaye","category-sayin-cumhurbaskani"],"_links":{"self":[{"href":"https:\/\/archive.sana.sy\/tr\/index.php?rest_route=\/wp\/v2\/posts\/322169","targetHints":{"allow":["GET"]}}],"collection":[{"href":"https:\/\/archive.sana.sy\/tr\/index.php?rest_route=\/wp\/v2\/posts"}],"about":[{"href":"https:\/\/archive.sana.sy\/tr\/index.php?rest_route=\/wp\/v2\/types\/post"}],"author":[{"embeddable":true,"href":"https:\/\/archive.sana.sy\/tr\/index.php?rest_route=\/wp\/v2\/users\/41"}],"replies":[{"embeddable":true,"href":"https:\/\/archive.sana.sy\/tr\/index.php?rest_route=%2Fwp%2Fv2%2Fcomments&post=322169"}],"version-history":[{"count":3,"href":"https:\/\/archive.sana.sy\/tr\/index.php?rest_route=\/wp\/v2\/posts\/322169\/revisions"}],"predecessor-version":[{"id":322222,"href":"https:\/\/archive.sana.sy\/tr\/index.php?rest_route=\/wp\/v2\/posts\/322169\/revisions\/322222"}],"wp:featuredmedia":[{"embeddable":true,"href":"https:\/\/archive.sana.sy\/tr\/index.php?rest_route=\/wp\/v2\/media\/322170"}],"wp:attachment":[{"href":"https:\/\/archive.sana.sy\/tr\/index.php?rest_route=%2Fwp%2Fv2%2Fmedia&parent=322169"}],"wp:term":[{"taxonomy":"category","embeddable":true,"href":"https:\/\/archive.sana.sy\/tr\/index.php?rest_route=%2Fwp%2Fv2%2Fcategories&post=322169"},{"taxonomy":"post_tag","embeddable":true,"href":"https:\/\/archive.sana.sy\/tr\/index.php?rest_route=%2Fwp%2Fv2%2Ftags&post=322169"}],"curies":[{"name":"wp","href":"https:\/\/api.w.org\/{rel}","templated":true}]}}