{"id":32219,"date":"2015-05-06T09:44:30","date_gmt":"2015-05-06T06:44:30","guid":{"rendered":"http:\/\/www.sana.sy\/tr\/?p=32219"},"modified":"2015-05-06T09:44:30","modified_gmt":"2015-05-06T06:44:30","slug":"mikdat-filistin-davasi-suriye-icin-pusula-niteligindedir","status":"publish","type":"post","link":"https:\/\/archive.sana.sy\/tr\/?p=32219","title":{"rendered":"Mikdat: Filistin Davas\u0131 Suriye \u0130\u00e7in Pusula Niteli\u011findedir"},"content":{"rendered":"<p>\u015eAM \u2013 D\u0131\u015fi\u015fleri ve Gurbet\u00e7iler Bakan\u0131 Faysal el Mikdat, Suriye&#8217;de ya\u015fayan Filistin halk\u0131n\u0131n, vatan\u0131na ve topraklar\u0131na d\u00f6nme hakk\u0131n\u0131 savunmas\u0131 ve bu hakk\u0131na ba\u011fl\u0131 kalarak direnmesinin bedelini \u00f6dedi\u011fini ifade etti.<\/p>\n<p>D\u00fcn Zekeriya el A\u011fa ba\u015fkanl\u0131\u011f\u0131ndaki Filistin Kurtulu\u015f \u00d6rg\u00fct\u00fc heyetiyle bir araya gelen Mikdat; Silahl\u0131 ter\u00f6r gruplar\u0131n\u0131n Suriye&#8217;de ya\u015fayan Filistinlilerin ya\u015fad\u0131klar\u0131 b\u00f6lgelere kar\u015f\u0131 d\u00fczenledikleri sald\u0131r\u0131lar\u0131n \u0130srail\u2019in Bat\u0131l\u0131 ve b\u00f6lgedeki i\u015fbirlik\u00e7ileriyle birlikte haz\u0131rlad\u0131klar\u0131 projelerin uygulamas\u0131 niteli\u011finde oldu\u011funu dile getirdi.<\/p>\n<p>Suriye h\u00fck\u00fcmetinin Yerm\u00fck semti sakinlerinin ac\u0131lar\u0131n\u0131 dindirmek i\u00e7in m\u00fcmk\u00fcn olan b\u00fct\u00fcn yard\u0131mlar\u0131 sundu\u011funa dikkat \u00e7eken Mikdat,ayr\u0131ca\u00a0 ter\u00f6r zulm\u00fc ve ablukas\u0131n\u0131 a\u015farak semtten \u00e7\u0131kmay\u0131 ba\u015faran Filistinlilere h\u00fck\u00fcmet taraf\u0131ndan bar\u0131nma ve insani yard\u0131m sa\u011fland\u0131\u011f\u0131n\u0131n alt\u0131n\u0131 \u00e7izdi.<\/p>\n<p>Yerm\u00fck semtinde ya\u015fanan felaketin sorumlular\u0131n\u0131n silahl\u0131 ter\u00f6r gruplar\u0131na destek sa\u011flayan T\u00fcrkiye, Suudi Arabistan ve Katar gibi devletler oldu\u011funa dikkat \u00e7eken Mikdat, ter\u00f6re verdikleri deste\u011fi kesmeleri i\u00e7in bu devletlere bask\u0131 yap\u0131lmas\u0131 gere\u011fini vurgulad\u0131.<\/p>\n<p>Mikdat; Filistin davas\u0131n\u0131n her zaman Suriye i\u00e7in tutumlar\u0131n\u0131 belirlemede pusula niteli\u011finde olaca\u011f\u0131n\u0131 ibraz etti.<\/p>\n<p>\u00d6te yandan Filistin ve Suriye iktidarlar\u0131 aras\u0131nda derin ve stratejik bir ili\u015fki bulundu\u011funa dikkat \u00e7eken A\u011fa, Yerm\u00fck semti sakinlerinin \u00e7ektikleri ac\u0131lar\u0131 hafifletmek i\u00e7in iki taraf aras\u0131ndaki koordinasyon ve i\u015fbirli\u011fi ili\u015fkilerinin devam edece\u011fini vurgulad\u0131.<\/p>\n<p>F.B. &#8211; R.H.<\/p>\n","protected":false},"excerpt":{"rendered":"<p>\u015eAM \u2013 D\u0131\u015fi\u015fleri ve Gurbet\u00e7iler Bakan\u0131 Faysal el Mikdat, Suriye&#8217;de ya\u015fayan Filistin halk\u0131n\u0131n, vatan\u0131na ve topraklar\u0131na d\u00f6nme hakk\u0131n\u0131 savunmas\u0131 ve bu hakk\u0131na ba\u011fl\u0131 kalarak direnmesinin bedelini \u00f6dedi\u011fini ifade etti. D\u00fcn Zekeriya el A\u011fa ba\u015fkanl\u0131\u011f\u0131ndaki Filistin Kurtulu\u015f \u00d6rg\u00fct\u00fc heyetiyle bir araya gelen Mikdat; Silahl\u0131 ter\u00f6r gruplar\u0131n\u0131n Suriye&#8217;de ya\u015fayan Filistinlilerin ya\u015fad\u0131klar\u0131 b\u00f6lgelere kar\u015f\u0131 d\u00fczenledikleri sald\u0131r\u0131lar\u0131n \u0130srail\u2019in Bat\u0131l\u0131 &hellip;<\/p>\n","protected":false},"author":1,"featured_media":32220,"comment_status":"closed","ping_status":"closed","sticky":false,"template":"","format":"standard","meta":{"footnotes":""},"categories":[479,447,478],"tags":[14317,14318,14319],"class_list":["post-32219","post","type-post","status-publish","format-standard","has-post-thumbnail","","category-haberler-yerel","category-politika","category-yerel","tag-mikdat-filistin-davasi-suriye-icin-pusula-niteligindedir-sam-disisleri-ve-gurbetciler-bakani-faysal-el-mikdat","tag-suriyede-yasayan-filistin-halkinin","tag-vatanina-ve-topraklarina-donme-hakkini-savunmasi-ve-bu-hakkina-bagli-kalarak-direnmesinin-bedelini-odedigini-ifade-etti"],"_links":{"self":[{"href":"https:\/\/archive.sana.sy\/tr\/index.php?rest_route=\/wp\/v2\/posts\/32219","targetHints":{"allow":["GET"]}}],"collection":[{"href":"https:\/\/archive.sana.sy\/tr\/index.php?rest_route=\/wp\/v2\/posts"}],"about":[{"href":"https:\/\/archive.sana.sy\/tr\/index.php?rest_route=\/wp\/v2\/types\/post"}],"author":[{"embeddable":true,"href":"https:\/\/archive.sana.sy\/tr\/index.php?rest_route=\/wp\/v2\/users\/1"}],"replies":[{"embeddable":true,"href":"https:\/\/archive.sana.sy\/tr\/index.php?rest_route=%2Fwp%2Fv2%2Fcomments&post=32219"}],"version-history":[{"count":0,"href":"https:\/\/archive.sana.sy\/tr\/index.php?rest_route=\/wp\/v2\/posts\/32219\/revisions"}],"wp:featuredmedia":[{"embeddable":true,"href":"https:\/\/archive.sana.sy\/tr\/index.php?rest_route=\/wp\/v2\/media\/32220"}],"wp:attachment":[{"href":"https:\/\/archive.sana.sy\/tr\/index.php?rest_route=%2Fwp%2Fv2%2Fmedia&parent=32219"}],"wp:term":[{"taxonomy":"category","embeddable":true,"href":"https:\/\/archive.sana.sy\/tr\/index.php?rest_route=%2Fwp%2Fv2%2Fcategories&post=32219"},{"taxonomy":"post_tag","embeddable":true,"href":"https:\/\/archive.sana.sy\/tr\/index.php?rest_route=%2Fwp%2Fv2%2Ftags&post=32219"}],"curies":[{"name":"wp","href":"https:\/\/api.w.org\/{rel}","templated":true}]}}