{"id":322200,"date":"2025-05-30T09:00:40","date_gmt":"2025-05-30T06:00:40","guid":{"rendered":"https:\/\/sana.sy\/tr\/?p=322200"},"modified":"2025-05-30T11:08:09","modified_gmt":"2025-05-30T08:08:09","slug":"magrip-arap-basin-ajansi-map-sana-ve-akdeniz-haber-ajanslariyla-is-birligi-anlasmalari-imzaladi","status":"publish","type":"post","link":"https:\/\/archive.sana.sy\/tr\/?p=322200","title":{"rendered":"Ma\u011frip Arap Bas\u0131n Ajans\u0131 (MAP), SANA Ve Akdeniz Haber Ajanslar\u0131yla \u0130\u015f Birli\u011fi Anla\u015fmalar\u0131 \u0130mzalad\u0131"},"content":{"rendered":"<p style=\"text-align: justify;\"><span style=\"color: #800000;\"><strong>MARAKE\u015e (SANA) &#8211;<\/strong><\/span>\u00a0 Ma\u011frip Arap Bas\u0131n Ajans\u0131 (MAP), bug\u00fcn Marake\u015f&#8217;te Suriye Arap Haber Ajans\u0131 (SANA), \u0130talyan Haber Ajans\u0131 (ANSA) ve Bosna Haber Ajans\u0131 (VINA) ile \u00fc\u00e7 i\u015f birli\u011fi anla\u015fmas\u0131 imzalad\u0131. Anla\u015fmalar, Akdeniz Haber Ajanslar\u0131 Birli\u011fi&#8217;nin (AMAN) 33. Genel Kurulu&#8217;nun aralar\u0131nda imzaland\u0131.<\/p>\n<p style=\"text-align: justify;\">Ma\u011frip Arap Bas\u0131n Ajans\u0131 Genel M\u00fcd\u00fcr\u00fc Fuad Aref ve Suriye Arap Haber Ajans\u0131 (SANA) Genel M\u00fcd\u00fcr\u00fc Ziyad El Mahamid taraf\u0131ndan paraflanan anla\u015fma, multimedya i\u00e7eri\u011finin serbest ve ikili de\u011fi\u015fimi i\u00e7in bir \u00e7er\u00e7eve olu\u015fturulmas\u0131n\u0131 \u00f6ng\u00f6r\u00fcyor.<\/p>\n<p style=\"text-align: justify;\">Anla\u015fma ayr\u0131ca her iki ajans\u0131n yay\u0131n platformlar\u0131na do\u011frudan ve g\u00fcvenli eri\u015fim sa\u011fl\u0131yor, her ajansa her iki \u00fclkedeki etkinlikleri kapsamada \u00f6ncelik tan\u0131yor, muhabirlerin \u00e7al\u0131\u015fmalar\u0131n\u0131 kolayla\u015ft\u0131r\u0131yor ve yay\u0131n, teknik ve dijital alanlarda ortak profesyonel ziyaretler ve e\u011fitim kurslar\u0131 d\u00fczenliyor.<\/p>\n<div id='gallery-1' class='gallery galleryid-322200 gallery-columns-2 gallery-size-large'><figure class='gallery-item'>\n\t\t\t<div class='gallery-icon landscape'>\n\t\t\t\t<a href='https:\/\/archive.sana.sy\/tr\/?attachment_id=322201'><img loading=\"lazy\" decoding=\"async\" width=\"618\" height=\"412\" src=\"https:\/\/archive.sana.sy\/tr\/wp-content\/uploads\/2025\/05\/photo_2025-05-29_21-22-49-copy.jpg\" class=\"attachment-large size-large\" alt=\"\" srcset=\"https:\/\/archive.sana.sy\/tr\/wp-content\/uploads\/2025\/05\/photo_2025-05-29_21-22-49-copy.jpg 660w, https:\/\/archive.sana.sy\/tr\/wp-content\/uploads\/2025\/05\/photo_2025-05-29_21-22-49-copy-300x200.jpg 300w\" sizes=\"auto, (max-width: 618px) 100vw, 618px\" \/><\/a>\n\t\t\t<\/div><\/figure><figure class='gallery-item'>\n\t\t\t<div class='gallery-icon landscape'>\n\t\t\t\t<a href='https:\/\/archive.sana.sy\/tr\/?attachment_id=322202'><img loading=\"lazy\" decoding=\"async\" width=\"618\" height=\"347\" src=\"https:\/\/archive.sana.sy\/tr\/wp-content\/uploads\/2025\/05\/photo_2025-05-29_21-22-50-copy.jpg\" class=\"attachment-large size-large\" alt=\"\" srcset=\"https:\/\/archive.sana.sy\/tr\/wp-content\/uploads\/2025\/05\/photo_2025-05-29_21-22-50-copy.jpg 660w, https:\/\/archive.sana.sy\/tr\/wp-content\/uploads\/2025\/05\/photo_2025-05-29_21-22-50-copy-300x169.jpg 300w\" sizes=\"auto, (max-width: 618px) 100vw, 618px\" \/><\/a>\n\t\t\t<\/div><\/figure>\n\t\t<\/div>\n\n","protected":false},"excerpt":{"rendered":"<p>MARAKE\u015e (SANA) &#8211;\u00a0 Ma\u011frip Arap Bas\u0131n Ajans\u0131 (MAP), bug\u00fcn Marake\u015f&#8217;te Suriye Arap Haber Ajans\u0131 (SANA), \u0130talyan Haber Ajans\u0131 (ANSA) ve Bosna Haber Ajans\u0131 (VINA) ile \u00fc\u00e7 i\u015f birli\u011fi anla\u015fmas\u0131 imzalad\u0131. Anla\u015fmalar, Akdeniz Haber Ajanslar\u0131 Birli\u011fi&#8217;nin (AMAN) 33. Genel Kurulu&#8217;nun aralar\u0131nda imzaland\u0131. Ma\u011frip Arap Bas\u0131n Ajans\u0131 Genel M\u00fcd\u00fcr\u00fc Fuad Aref ve Suriye Arap Haber Ajans\u0131 (SANA) &hellip;<\/p>\n","protected":false},"author":44,"featured_media":322203,"comment_status":"closed","ping_status":"closed","sticky":false,"template":"","format":"standard","meta":{"footnotes":""},"categories":[458,589,459,17988,2554],"tags":[43909,43910],"class_list":["post-322200","post","type-post","status-publish","format-standard","has-post-thumbnail","","category-dunya1","category-haber-seridi","category-haberler-arap-uluslararasi-politika","category-son-haberler","category-suriye-ve-dunya","tag-magrip-arap-basin-ajansi-map","tag-sana-ve-akdeniz-haber-ajanslariyla-is-birligi-anlasmalari-imzaladi"],"_links":{"self":[{"href":"https:\/\/archive.sana.sy\/tr\/index.php?rest_route=\/wp\/v2\/posts\/322200","targetHints":{"allow":["GET"]}}],"collection":[{"href":"https:\/\/archive.sana.sy\/tr\/index.php?rest_route=\/wp\/v2\/posts"}],"about":[{"href":"https:\/\/archive.sana.sy\/tr\/index.php?rest_route=\/wp\/v2\/types\/post"}],"author":[{"embeddable":true,"href":"https:\/\/archive.sana.sy\/tr\/index.php?rest_route=\/wp\/v2\/users\/44"}],"replies":[{"embeddable":true,"href":"https:\/\/archive.sana.sy\/tr\/index.php?rest_route=%2Fwp%2Fv2%2Fcomments&post=322200"}],"version-history":[{"count":1,"href":"https:\/\/archive.sana.sy\/tr\/index.php?rest_route=\/wp\/v2\/posts\/322200\/revisions"}],"predecessor-version":[{"id":322204,"href":"https:\/\/archive.sana.sy\/tr\/index.php?rest_route=\/wp\/v2\/posts\/322200\/revisions\/322204"}],"wp:featuredmedia":[{"embeddable":true,"href":"https:\/\/archive.sana.sy\/tr\/index.php?rest_route=\/wp\/v2\/media\/322203"}],"wp:attachment":[{"href":"https:\/\/archive.sana.sy\/tr\/index.php?rest_route=%2Fwp%2Fv2%2Fmedia&parent=322200"}],"wp:term":[{"taxonomy":"category","embeddable":true,"href":"https:\/\/archive.sana.sy\/tr\/index.php?rest_route=%2Fwp%2Fv2%2Fcategories&post=322200"},{"taxonomy":"post_tag","embeddable":true,"href":"https:\/\/archive.sana.sy\/tr\/index.php?rest_route=%2Fwp%2Fv2%2Ftags&post=322200"}],"curies":[{"name":"wp","href":"https:\/\/api.w.org\/{rel}","templated":true}]}}