{"id":322216,"date":"2025-05-31T08:00:38","date_gmt":"2025-05-31T05:00:38","guid":{"rendered":"https:\/\/sana.sy\/tr\/?p=322216"},"modified":"2025-05-31T16:15:15","modified_gmt":"2025-05-31T13:15:15","slug":"suriye-japonya-hukumetinin-dort-ulusal-bankaya-yonelik-yaptirimlari-kaldirma-kararini-memnuniyetle-karsiladi","status":"publish","type":"post","link":"https:\/\/archive.sana.sy\/tr\/?p=322216","title":{"rendered":"Suriye, Japonya H\u00fck\u00fcmetinin D\u00f6rt Ulusal Bankaya Y\u00f6nelik Yapt\u0131r\u0131mlar\u0131 Kald\u0131rma Karar\u0131n\u0131 Memnuniyetle Kar\u015f\u0131lad\u0131"},"content":{"rendered":"<p style=\"text-align: justify;\"><strong><span style=\"color: #800000;\">\u015eAM (SANA) &#8211;<\/span> <\/strong>Suriye, Japonya&#8217;n\u0131n d\u00f6rt ulusal bankaya y\u00f6nelik yapt\u0131r\u0131mlar\u0131 ve varl\u0131k dondurmalar\u0131n\u0131 kald\u0131rma karar\u0131n\u0131 memnuniyetle kar\u015f\u0131layarak, bunun yeniden yap\u0131lanmaya do\u011fru olumlu bir ad\u0131m oldu\u011funu belirtti ve bu ad\u0131m\u0131n, iki \u00fclke aras\u0131nda kar\u015f\u0131l\u0131kl\u0131 sayg\u0131 ve ortak \u00e7\u0131karlara dayal\u0131 daha fazla a\u00e7\u0131kl\u0131k ve i\u015f birli\u011fine katk\u0131da bulunaca\u011f\u0131 umudunu dile getirdi.<\/p>\n<p style=\"text-align: justify;\">D\u0131\u015fi\u015fleri ve Gurbet\u00e7iler Bakanl\u0131\u011f\u0131, Telegram kanal\u0131nda yay\u0131nlanan bir bildiride \u015funlar\u0131 s\u00f6yledi: &#8221;Suriye Arap Cumhuriyeti, Japon h\u00fck\u00fcmetinin d\u00f6rt Suriye ulusal bankas\u0131na y\u00f6nelik yapt\u0131r\u0131mlar\u0131 kald\u0131rma ve varl\u0131klar\u0131 dondurma karar\u0131n\u0131 memnuniyetle kar\u015f\u0131lad\u0131: Sanayi Bankas\u0131, Halk Kredi Bankas\u0131, Tasarruf Bankas\u0131 ve Tar\u0131m Kooperatif Bankas\u0131.&#8221;<\/p>\n<p style=\"text-align: justify;\">D\u0131\u015fi\u015fleri Bakanl\u0131\u011f\u0131 ayr\u0131ca, bu karar\u0131n Suriye&#8217;nin toparlanmas\u0131, istikrar ve refaha ula\u015fmas\u0131 ve yeniden yap\u0131lanmay\u0131 ilerletmesi y\u00f6n\u00fcnde olumlu bir ad\u0131m te\u015fkil etti\u011fini belirtti.<\/p>\n<p style=\"text-align: justify;\">Bakanl\u0131k a\u00e7\u0131klamas\u0131nda da, Suriye&#8217;nin bu ad\u0131m\u0131n, kar\u015f\u0131l\u0131kl\u0131 sayg\u0131 ve ortak \u00e7\u0131karlara dayal\u0131 dost Japonya ile daha fazla a\u00e7\u0131kl\u0131k ve yap\u0131c\u0131 i\u015f birli\u011finin \u00f6n\u00fcn\u00fc a\u00e7maya katk\u0131da bulunaca\u011f\u0131n\u0131 umdu\u011funu do\u011frulad\u0131.<\/p>\n","protected":false},"excerpt":{"rendered":"<p>\u015eAM (SANA) &#8211; Suriye, Japonya&#8217;n\u0131n d\u00f6rt ulusal bankaya y\u00f6nelik yapt\u0131r\u0131mlar\u0131 ve varl\u0131k dondurmalar\u0131n\u0131 kald\u0131rma karar\u0131n\u0131 memnuniyetle kar\u015f\u0131layarak, bunun yeniden yap\u0131lanmaya do\u011fru olumlu bir ad\u0131m oldu\u011funu belirtti ve bu ad\u0131m\u0131n, iki \u00fclke aras\u0131nda kar\u015f\u0131l\u0131kl\u0131 sayg\u0131 ve ortak \u00e7\u0131karlara dayal\u0131 daha fazla a\u00e7\u0131kl\u0131k ve i\u015f birli\u011fine katk\u0131da bulunaca\u011f\u0131 umudunu dile getirdi. D\u0131\u015fi\u015fleri ve Gurbet\u00e7iler Bakanl\u0131\u011f\u0131, Telegram kanal\u0131nda &hellip;<\/p>\n","protected":false},"author":44,"featured_media":322217,"comment_status":"closed","ping_status":"closed","sticky":false,"template":"","format":"standard","meta":{"footnotes":""},"categories":[589,479,17988,478],"tags":[43913,16591],"class_list":["post-322216","post","type-post","status-publish","format-standard","has-post-thumbnail","","category-haber-seridi","category-haberler-yerel","category-son-haberler","category-yerel","tag-japonya-hukumetinin-dort-ulusal-bankaya-yonelik-yaptirimlari-kaldirma-kararini-memnuniyetle-karsiladi","tag-suriye"],"_links":{"self":[{"href":"https:\/\/archive.sana.sy\/tr\/index.php?rest_route=\/wp\/v2\/posts\/322216","targetHints":{"allow":["GET"]}}],"collection":[{"href":"https:\/\/archive.sana.sy\/tr\/index.php?rest_route=\/wp\/v2\/posts"}],"about":[{"href":"https:\/\/archive.sana.sy\/tr\/index.php?rest_route=\/wp\/v2\/types\/post"}],"author":[{"embeddable":true,"href":"https:\/\/archive.sana.sy\/tr\/index.php?rest_route=\/wp\/v2\/users\/44"}],"replies":[{"embeddable":true,"href":"https:\/\/archive.sana.sy\/tr\/index.php?rest_route=%2Fwp%2Fv2%2Fcomments&post=322216"}],"version-history":[{"count":1,"href":"https:\/\/archive.sana.sy\/tr\/index.php?rest_route=\/wp\/v2\/posts\/322216\/revisions"}],"predecessor-version":[{"id":322218,"href":"https:\/\/archive.sana.sy\/tr\/index.php?rest_route=\/wp\/v2\/posts\/322216\/revisions\/322218"}],"wp:featuredmedia":[{"embeddable":true,"href":"https:\/\/archive.sana.sy\/tr\/index.php?rest_route=\/wp\/v2\/media\/322217"}],"wp:attachment":[{"href":"https:\/\/archive.sana.sy\/tr\/index.php?rest_route=%2Fwp%2Fv2%2Fmedia&parent=322216"}],"wp:term":[{"taxonomy":"category","embeddable":true,"href":"https:\/\/archive.sana.sy\/tr\/index.php?rest_route=%2Fwp%2Fv2%2Fcategories&post=322216"},{"taxonomy":"post_tag","embeddable":true,"href":"https:\/\/archive.sana.sy\/tr\/index.php?rest_route=%2Fwp%2Fv2%2Ftags&post=322216"}],"curies":[{"name":"wp","href":"https:\/\/api.w.org\/{rel}","templated":true}]}}