{"id":322223,"date":"2025-05-31T08:30:59","date_gmt":"2025-05-31T05:30:59","guid":{"rendered":"https:\/\/sana.sy\/tr\/?p=322223"},"modified":"2025-06-01T12:59:08","modified_gmt":"2025-06-01T09:59:08","slug":"cumhurbaskani-el-sara-olagan-kabine-toplantisina-baskanlik-etti","status":"publish","type":"post","link":"https:\/\/archive.sana.sy\/tr\/?p=322223","title":{"rendered":"Cumhurba\u015fkan\u0131 El \u015eara, Ola\u011fan Kabine Toplant\u0131s\u0131na Ba\u015fkanl\u0131k Etti"},"content":{"rendered":"<p style=\"text-align: justify;\"><span style=\"color: #800000;\"><strong>\u015eAM (SANA)<\/strong> &#8211;\u00a0<\/span> Cumhurba\u015fkan\u0131 Say\u0131n Ahmed El \u015eara ola\u011fan bir Kabine toplant\u0131s\u0131na ba\u015fkanl\u0131k etti.<\/p>\n<p style=\"text-align: justify;\">Say\u0131n Bakanlar, son d\u00f6nemdeki h\u00fck\u00fcmet performans\u0131yla ilgili en son geli\u015fmeleri ve zorluklar\u0131 g\u00f6zden ge\u00e7irdiler.<\/p>\n<p style=\"text-align: justify;\">Say\u0131n Bakanlar ayr\u0131ca Say\u0131n Cumhurba\u015fkan\u0131 ile \u00e7e\u015fitli bakanl\u0131klar aras\u0131ndaki i\u015f birli\u011fini art\u0131rman\u0131n, vatanda\u015flar\u0131n \u00e7\u0131karlar\u0131na hizmet etmenin ve \u00fclkenin iyile\u015fmesini ve in\u015faat ve kalk\u0131nmaya do\u011fru ilerlemesini h\u0131zland\u0131rman\u0131n yollar\u0131n\u0131 g\u00f6r\u00fc\u015ft\u00fcler.<\/p>\n<div id='gallery-1' class='gallery galleryid-322223 gallery-columns-1 gallery-size-full'><figure class='gallery-item'>\n\t\t\t<div class='gallery-icon landscape'>\n\t\t\t\t<a href='https:\/\/archive.sana.sy\/tr\/?attachment_id=322226'><img loading=\"lazy\" decoding=\"async\" width=\"2560\" height=\"1437\" src=\"https:\/\/archive.sana.sy\/tr\/wp-content\/uploads\/2025\/05\/photo_2025-05-30_21-09-08.jpg\" class=\"attachment-full size-full\" alt=\"\" srcset=\"https:\/\/archive.sana.sy\/tr\/wp-content\/uploads\/2025\/05\/photo_2025-05-30_21-09-08.jpg 2560w, https:\/\/archive.sana.sy\/tr\/wp-content\/uploads\/2025\/05\/photo_2025-05-30_21-09-08-300x168.jpg 300w, https:\/\/archive.sana.sy\/tr\/wp-content\/uploads\/2025\/05\/photo_2025-05-30_21-09-08-1024x575.jpg 1024w, https:\/\/archive.sana.sy\/tr\/wp-content\/uploads\/2025\/05\/photo_2025-05-30_21-09-08-768x431.jpg 768w, https:\/\/archive.sana.sy\/tr\/wp-content\/uploads\/2025\/05\/photo_2025-05-30_21-09-08-1536x862.jpg 1536w, https:\/\/archive.sana.sy\/tr\/wp-content\/uploads\/2025\/05\/photo_2025-05-30_21-09-08-2048x1150.jpg 2048w\" sizes=\"auto, (max-width: 2560px) 100vw, 2560px\" \/><\/a>\n\t\t\t<\/div><\/figure><figure class='gallery-item'>\n\t\t\t<div class='gallery-icon landscape'>\n\t\t\t\t<a href='https:\/\/archive.sana.sy\/tr\/?attachment_id=322227'><img loading=\"lazy\" decoding=\"async\" width=\"2560\" height=\"1437\" src=\"https:\/\/archive.sana.sy\/tr\/wp-content\/uploads\/2025\/05\/photo_2025-05-30_21-07-47-2.jpg\" class=\"attachment-full size-full\" alt=\"\" srcset=\"https:\/\/archive.sana.sy\/tr\/wp-content\/uploads\/2025\/05\/photo_2025-05-30_21-07-47-2.jpg 2560w, https:\/\/archive.sana.sy\/tr\/wp-content\/uploads\/2025\/05\/photo_2025-05-30_21-07-47-2-300x168.jpg 300w, https:\/\/archive.sana.sy\/tr\/wp-content\/uploads\/2025\/05\/photo_2025-05-30_21-07-47-2-1024x575.jpg 1024w, https:\/\/archive.sana.sy\/tr\/wp-content\/uploads\/2025\/05\/photo_2025-05-30_21-07-47-2-768x431.jpg 768w, https:\/\/archive.sana.sy\/tr\/wp-content\/uploads\/2025\/05\/photo_2025-05-30_21-07-47-2-1536x862.jpg 1536w, https:\/\/archive.sana.sy\/tr\/wp-content\/uploads\/2025\/05\/photo_2025-05-30_21-07-47-2-2048x1150.jpg 2048w\" sizes=\"auto, (max-width: 2560px) 100vw, 2560px\" \/><\/a>\n\t\t\t<\/div><\/figure><figure class='gallery-item'>\n\t\t\t<div class='gallery-icon landscape'>\n\t\t\t\t<a href='https:\/\/archive.sana.sy\/tr\/?attachment_id=322229'><img loading=\"lazy\" decoding=\"async\" width=\"2560\" height=\"1440\" src=\"https:\/\/archive.sana.sy\/tr\/wp-content\/uploads\/2025\/05\/photo_2025-05-30_21-07-44.jpg\" class=\"attachment-full size-full\" alt=\"\" srcset=\"https:\/\/archive.sana.sy\/tr\/wp-content\/uploads\/2025\/05\/photo_2025-05-30_21-07-44.jpg 2560w, https:\/\/archive.sana.sy\/tr\/wp-content\/uploads\/2025\/05\/photo_2025-05-30_21-07-44-300x169.jpg 300w, https:\/\/archive.sana.sy\/tr\/wp-content\/uploads\/2025\/05\/photo_2025-05-30_21-07-44-1024x576.jpg 1024w, https:\/\/archive.sana.sy\/tr\/wp-content\/uploads\/2025\/05\/photo_2025-05-30_21-07-44-768x432.jpg 768w, https:\/\/archive.sana.sy\/tr\/wp-content\/uploads\/2025\/05\/photo_2025-05-30_21-07-44-1536x864.jpg 1536w, https:\/\/archive.sana.sy\/tr\/wp-content\/uploads\/2025\/05\/photo_2025-05-30_21-07-44-2048x1152.jpg 2048w\" sizes=\"auto, (max-width: 2560px) 100vw, 2560px\" \/><\/a>\n\t\t\t<\/div><\/figure><figure class='gallery-item'>\n\t\t\t<div class='gallery-icon landscape'>\n\t\t\t\t<a href='https:\/\/archive.sana.sy\/tr\/?attachment_id=322230'><img loading=\"lazy\" decoding=\"async\" width=\"2560\" height=\"1707\" src=\"https:\/\/archive.sana.sy\/tr\/wp-content\/uploads\/2025\/05\/photo_2025-05-30_21-07-44-2.jpg\" class=\"attachment-full size-full\" alt=\"\" srcset=\"https:\/\/archive.sana.sy\/tr\/wp-content\/uploads\/2025\/05\/photo_2025-05-30_21-07-44-2.jpg 2560w, https:\/\/archive.sana.sy\/tr\/wp-content\/uploads\/2025\/05\/photo_2025-05-30_21-07-44-2-300x200.jpg 300w, https:\/\/archive.sana.sy\/tr\/wp-content\/uploads\/2025\/05\/photo_2025-05-30_21-07-44-2-1024x683.jpg 1024w, https:\/\/archive.sana.sy\/tr\/wp-content\/uploads\/2025\/05\/photo_2025-05-30_21-07-44-2-768x512.jpg 768w, https:\/\/archive.sana.sy\/tr\/wp-content\/uploads\/2025\/05\/photo_2025-05-30_21-07-44-2-1536x1024.jpg 1536w, https:\/\/archive.sana.sy\/tr\/wp-content\/uploads\/2025\/05\/photo_2025-05-30_21-07-44-2-2048x1366.jpg 2048w\" sizes=\"auto, (max-width: 2560px) 100vw, 2560px\" \/><\/a>\n\t\t\t<\/div><\/figure>\n\t\t<\/div>\n\n","protected":false},"excerpt":{"rendered":"<p>\u015eAM (SANA) &#8211;\u00a0 Cumhurba\u015fkan\u0131 Say\u0131n Ahmed El \u015eara ola\u011fan bir Kabine toplant\u0131s\u0131na ba\u015fkanl\u0131k etti. Say\u0131n Bakanlar, son d\u00f6nemdeki h\u00fck\u00fcmet performans\u0131yla ilgili en son geli\u015fmeleri ve zorluklar\u0131 g\u00f6zden ge\u00e7irdiler. Say\u0131n Bakanlar ayr\u0131ca Say\u0131n Cumhurba\u015fkan\u0131 ile \u00e7e\u015fitli bakanl\u0131klar aras\u0131ndaki i\u015f birli\u011fini art\u0131rman\u0131n, vatanda\u015flar\u0131n \u00e7\u0131karlar\u0131na hizmet etmenin ve \u00fclkenin iyile\u015fmesini ve in\u015faat ve kalk\u0131nmaya do\u011fru ilerlemesini h\u0131zland\u0131rman\u0131n yollar\u0131n\u0131 &hellip;<\/p>\n","protected":false},"author":44,"featured_media":322224,"comment_status":"closed","ping_status":"closed","sticky":false,"template":"","format":"standard","meta":{"footnotes":""},"categories":[608,479,605,17988,478],"tags":[43266,43914],"class_list":["post-322223","post","type-post","status-publish","format-standard","has-post-thumbnail","","category-etkinlikler","category-haberler-yerel","category-sayin-cumhurbaskani","category-son-haberler","category-yerel","tag-cumhurbaskani-el-sara","tag-olagan-kabine-toplantisina-baskanlik-etti"],"_links":{"self":[{"href":"https:\/\/archive.sana.sy\/tr\/index.php?rest_route=\/wp\/v2\/posts\/322223","targetHints":{"allow":["GET"]}}],"collection":[{"href":"https:\/\/archive.sana.sy\/tr\/index.php?rest_route=\/wp\/v2\/posts"}],"about":[{"href":"https:\/\/archive.sana.sy\/tr\/index.php?rest_route=\/wp\/v2\/types\/post"}],"author":[{"embeddable":true,"href":"https:\/\/archive.sana.sy\/tr\/index.php?rest_route=\/wp\/v2\/users\/44"}],"replies":[{"embeddable":true,"href":"https:\/\/archive.sana.sy\/tr\/index.php?rest_route=%2Fwp%2Fv2%2Fcomments&post=322223"}],"version-history":[{"count":4,"href":"https:\/\/archive.sana.sy\/tr\/index.php?rest_route=\/wp\/v2\/posts\/322223\/revisions"}],"predecessor-version":[{"id":322320,"href":"https:\/\/archive.sana.sy\/tr\/index.php?rest_route=\/wp\/v2\/posts\/322223\/revisions\/322320"}],"wp:featuredmedia":[{"embeddable":true,"href":"https:\/\/archive.sana.sy\/tr\/index.php?rest_route=\/wp\/v2\/media\/322224"}],"wp:attachment":[{"href":"https:\/\/archive.sana.sy\/tr\/index.php?rest_route=%2Fwp%2Fv2%2Fmedia&parent=322223"}],"wp:term":[{"taxonomy":"category","embeddable":true,"href":"https:\/\/archive.sana.sy\/tr\/index.php?rest_route=%2Fwp%2Fv2%2Fcategories&post=322223"},{"taxonomy":"post_tag","embeddable":true,"href":"https:\/\/archive.sana.sy\/tr\/index.php?rest_route=%2Fwp%2Fv2%2Ftags&post=322223"}],"curies":[{"name":"wp","href":"https:\/\/api.w.org\/{rel}","templated":true}]}}