{"id":32223,"date":"2015-05-06T10:31:50","date_gmt":"2015-05-06T07:31:50","guid":{"rendered":"http:\/\/www.sana.sy\/tr\/?p=32223"},"modified":"2015-05-06T10:31:50","modified_gmt":"2015-05-06T07:31:50","slug":"suriye-ve-yemendeki-krizlerle-siyasi-cozumu-hareketlendirme-yollarini-ele-aldi","status":"publish","type":"post","link":"https:\/\/archive.sana.sy\/tr\/?p=32223","title":{"rendered":"Suriye ve Yemen\u2019deki Krizlerle Siyasi \u00c7\u00f6z\u00fcm\u00fc Hareketlendirme Yollar\u0131n\u0131 Ele Ald\u0131"},"content":{"rendered":"<p>MOSKOVA \u2013 Rusya D\u0131\u015fi\u015fleri Bakan\u0131 Sergey Lavrov, Amerikal\u0131 mevkida\u015f\u0131 John Kerry\u2019nin d\u00fcn gece kendisiyle d\u00fczenledi\u011fi telefon g\u00f6r\u00fc\u015fmesinde Suriye\u2019deki siyasi \u00e7\u00f6z\u00fcm\u00fc harekete ge\u00e7irmek ile Yemen ve Ukrayna\u2019daki durumlar\u0131 g\u00f6r\u00fc\u015ft\u00fc.<\/p>\n<p>Rusya D\u0131\u015fi\u015fleri Bakanl\u0131\u011f\u0131 yay\u0131nlad\u0131\u011f\u0131 beyanda, Lavrov ve Kerry\u2019nin Suriye\u2019deki bar\u0131\u015f\u00e7\u0131l s\u00fcreci hareketlendirme g\u00f6revleri yan\u0131 s\u0131ra Ukrayna krizi ile ikili ili\u015fkileri ilgilendiren meseleleri g\u00f6r\u00fc\u015ft\u00fcklerini s\u00f6yledi.<\/p>\n<p>Rusya Today sitesi, Lavrov ve Kerry aras\u0131ndaki s\u00f6z konusu telefon g\u00f6r\u00fc\u015fmesinin bir aydan az bir s\u00fcre i\u00e7erisinde \u00fc\u00e7\u00fcnc\u00fc g\u00f6r\u00fc\u015fme oldu\u011funu belirtti.<\/p>\n<p>Her iki bakan 29 Nisan\u2019da Ukrayna kriz dosyas\u0131n\u0131 ile ileti\u015fim grubu \u00e7er\u00e7evesinde \u00e7al\u0131\u015fma ekiplerinin en k\u0131sa zamanda olu\u015fturulmas\u0131 zorunlulu\u011funu belirtmi\u015f, 13 Nisan\u2019daki g\u00f6r\u00fc\u015fmelerinde ise 5+1 grubu \u00fclkeleriyle \u0130ran\u2019\u0131n n\u00fckleer program\u0131yla ilgili g\u00f6r\u00fc\u015fmeler yan\u0131 s\u0131ra Yemen\u2019deki durumu ele alm\u0131\u015flard\u0131.<\/p>\n<p>S.\u015e. &#8211; R.H.<\/p>\n","protected":false},"excerpt":{"rendered":"<p>MOSKOVA \u2013 Rusya D\u0131\u015fi\u015fleri Bakan\u0131 Sergey Lavrov, Amerikal\u0131 mevkida\u015f\u0131 John Kerry\u2019nin d\u00fcn gece kendisiyle d\u00fczenledi\u011fi telefon g\u00f6r\u00fc\u015fmesinde Suriye\u2019deki siyasi \u00e7\u00f6z\u00fcm\u00fc harekete ge\u00e7irmek ile Yemen ve Ukrayna\u2019daki durumlar\u0131 g\u00f6r\u00fc\u015ft\u00fc. Rusya D\u0131\u015fi\u015fleri Bakanl\u0131\u011f\u0131 yay\u0131nlad\u0131\u011f\u0131 beyanda, Lavrov ve Kerry\u2019nin Suriye\u2019deki bar\u0131\u015f\u00e7\u0131l s\u00fcreci hareketlendirme g\u00f6revleri yan\u0131 s\u0131ra Ukrayna krizi ile ikili ili\u015fkileri ilgilendiren meseleleri g\u00f6r\u00fc\u015ft\u00fcklerini s\u00f6yledi. Rusya Today sitesi, &hellip;<\/p>\n","protected":false},"author":1,"featured_media":32224,"comment_status":"closed","ping_status":"closed","sticky":false,"template":"","format":"standard","meta":{"footnotes":""},"categories":[458,459,447],"tags":[14320],"class_list":["post-32223","post","type-post","status-publish","format-standard","has-post-thumbnail","","category-dunya1","category-haberler-arap-uluslararasi-politika","category-politika","tag-suriye-ve-yemendeki-krizlerle-siyasi-cozumu-hareketlendirme-yollarini-ele-aldi-moskova-rusya-disisleri-bakani-sergey-lavrov"],"_links":{"self":[{"href":"https:\/\/archive.sana.sy\/tr\/index.php?rest_route=\/wp\/v2\/posts\/32223","targetHints":{"allow":["GET"]}}],"collection":[{"href":"https:\/\/archive.sana.sy\/tr\/index.php?rest_route=\/wp\/v2\/posts"}],"about":[{"href":"https:\/\/archive.sana.sy\/tr\/index.php?rest_route=\/wp\/v2\/types\/post"}],"author":[{"embeddable":true,"href":"https:\/\/archive.sana.sy\/tr\/index.php?rest_route=\/wp\/v2\/users\/1"}],"replies":[{"embeddable":true,"href":"https:\/\/archive.sana.sy\/tr\/index.php?rest_route=%2Fwp%2Fv2%2Fcomments&post=32223"}],"version-history":[{"count":0,"href":"https:\/\/archive.sana.sy\/tr\/index.php?rest_route=\/wp\/v2\/posts\/32223\/revisions"}],"wp:featuredmedia":[{"embeddable":true,"href":"https:\/\/archive.sana.sy\/tr\/index.php?rest_route=\/wp\/v2\/media\/32224"}],"wp:attachment":[{"href":"https:\/\/archive.sana.sy\/tr\/index.php?rest_route=%2Fwp%2Fv2%2Fmedia&parent=32223"}],"wp:term":[{"taxonomy":"category","embeddable":true,"href":"https:\/\/archive.sana.sy\/tr\/index.php?rest_route=%2Fwp%2Fv2%2Fcategories&post=32223"},{"taxonomy":"post_tag","embeddable":true,"href":"https:\/\/archive.sana.sy\/tr\/index.php?rest_route=%2Fwp%2Fv2%2Ftags&post=32223"}],"curies":[{"name":"wp","href":"https:\/\/api.w.org\/{rel}","templated":true}]}}