{"id":322232,"date":"2025-05-31T09:55:21","date_gmt":"2025-05-31T06:55:21","guid":{"rendered":"https:\/\/sana.sy\/tr\/?p=322232"},"modified":"2025-05-31T09:55:21","modified_gmt":"2025-05-31T06:55:21","slug":"israil-isgal-ucaklari-lazkiye-ve-tartus-kirsalinda-bircok-noktayi-hedef-aldi","status":"publish","type":"post","link":"https:\/\/archive.sana.sy\/tr\/?p=322232","title":{"rendered":"\u0130srail I\u015fgal U\u00e7aklar\u0131 Lazkiye Ve Tartus K\u0131rsal\u0131nda Bir\u00e7ok Noktay\u0131 Hedef Ald\u0131"},"content":{"rendered":"<p style=\"text-align: justify;\"><span style=\"color: #800000;\"><strong>\u015eAM (SANA) &#8211;<\/strong><\/span>\u00a0 \u0130srail i\u015fgal u\u00e7aklar\u0131 bu ak\u015fam Lazkiye ve Tartus vilayetlerinin k\u0131rsal\u0131nda \u00fc\u00e7 yeri hedef ald\u0131.<\/p>\n<p style=\"text-align: justify;\">Lazkiye&#8217;deki bir SANA muhabiri, \u0130srail sald\u0131rganl\u0131\u011f\u0131n\u0131n Beyt Ya\u015fut ve Burc \u0130slam k\u00f6ylerinin yak\u0131nlar\u0131n\u0131 hedef ald\u0131\u011f\u0131n\u0131 bildirirken, Tartus&#8217;taki bir SANA muhabiri ise sald\u0131rganl\u0131\u011f\u0131n\u0131n Tartus Liman\u0131 yak\u0131nlar\u0131n\u0131 hedef ald\u0131\u011f\u0131n\u0131 bildirdi.<\/p>\n<p style=\"text-align: justify;\">Sald\u0131rganl\u0131klar maddi hasara yol a\u00e7t\u0131 ancak insan kayb\u0131yla ilgili herhangi bir rapor bildirilmedi.<\/p>\n","protected":false},"excerpt":{"rendered":"<p>\u015eAM (SANA) &#8211;\u00a0 \u0130srail i\u015fgal u\u00e7aklar\u0131 bu ak\u015fam Lazkiye ve Tartus vilayetlerinin k\u0131rsal\u0131nda \u00fc\u00e7 yeri hedef ald\u0131. Lazkiye&#8217;deki bir SANA muhabiri, \u0130srail sald\u0131rganl\u0131\u011f\u0131n\u0131n Beyt Ya\u015fut ve Burc \u0130slam k\u00f6ylerinin yak\u0131nlar\u0131n\u0131 hedef ald\u0131\u011f\u0131n\u0131 bildirirken, Tartus&#8217;taki bir SANA muhabiri ise sald\u0131rganl\u0131\u011f\u0131n\u0131n Tartus Liman\u0131 yak\u0131nlar\u0131n\u0131 hedef ald\u0131\u011f\u0131n\u0131 bildirdi. Sald\u0131rganl\u0131klar maddi hasara yol a\u00e7t\u0131 ancak insan kayb\u0131yla ilgili herhangi &hellip;<\/p>\n","protected":false},"author":44,"featured_media":322233,"comment_status":"closed","ping_status":"closed","sticky":false,"template":"","format":"standard","meta":{"footnotes":""},"categories":[589,479,17988,478],"tags":[43915],"class_list":["post-322232","post","type-post","status-publish","format-standard","has-post-thumbnail","","category-haber-seridi","category-haberler-yerel","category-son-haberler","category-yerel","tag-israil-isgal-ucaklari-lazkiye-ve-tartus-kirsalinda-bircok-noktayi-hedef-aldi"],"_links":{"self":[{"href":"https:\/\/archive.sana.sy\/tr\/index.php?rest_route=\/wp\/v2\/posts\/322232","targetHints":{"allow":["GET"]}}],"collection":[{"href":"https:\/\/archive.sana.sy\/tr\/index.php?rest_route=\/wp\/v2\/posts"}],"about":[{"href":"https:\/\/archive.sana.sy\/tr\/index.php?rest_route=\/wp\/v2\/types\/post"}],"author":[{"embeddable":true,"href":"https:\/\/archive.sana.sy\/tr\/index.php?rest_route=\/wp\/v2\/users\/44"}],"replies":[{"embeddable":true,"href":"https:\/\/archive.sana.sy\/tr\/index.php?rest_route=%2Fwp%2Fv2%2Fcomments&post=322232"}],"version-history":[{"count":1,"href":"https:\/\/archive.sana.sy\/tr\/index.php?rest_route=\/wp\/v2\/posts\/322232\/revisions"}],"predecessor-version":[{"id":322234,"href":"https:\/\/archive.sana.sy\/tr\/index.php?rest_route=\/wp\/v2\/posts\/322232\/revisions\/322234"}],"wp:featuredmedia":[{"embeddable":true,"href":"https:\/\/archive.sana.sy\/tr\/index.php?rest_route=\/wp\/v2\/media\/322233"}],"wp:attachment":[{"href":"https:\/\/archive.sana.sy\/tr\/index.php?rest_route=%2Fwp%2Fv2%2Fmedia&parent=322232"}],"wp:term":[{"taxonomy":"category","embeddable":true,"href":"https:\/\/archive.sana.sy\/tr\/index.php?rest_route=%2Fwp%2Fv2%2Fcategories&post=322232"},{"taxonomy":"post_tag","embeddable":true,"href":"https:\/\/archive.sana.sy\/tr\/index.php?rest_route=%2Fwp%2Fv2%2Ftags&post=322232"}],"curies":[{"name":"wp","href":"https:\/\/api.w.org\/{rel}","templated":true}]}}