{"id":322235,"date":"2025-05-31T09:00:50","date_gmt":"2025-05-31T06:00:50","guid":{"rendered":"https:\/\/sana.sy\/tr\/?p=322235"},"modified":"2025-05-31T11:02:45","modified_gmt":"2025-05-31T08:02:45","slug":"idlib-ve-lazkiye-valileri-aksaray-valisi-ile-ortak-is-birliginin-artirilmasi-konusunu-gorustu","status":"publish","type":"post","link":"https:\/\/archive.sana.sy\/tr\/?p=322235","title":{"rendered":"\u0130dlib Ve Lazkiye Valileri, Aksaray Valisi \u0130le Ortak \u0130\u015f Birli\u011finin Art\u0131r\u0131lmas\u0131 Konusunu G\u00f6r\u00fc\u015ft\u00fc"},"content":{"rendered":"<p style=\"text-align: justify;\"><span style=\"color: #800000;\"><strong>LAZK\u0130YE (SANA) \u2013<\/strong><\/span> \u0130dlib Valisi Muhammed Abdurrahman ve Lazkiye Valisi Muhammed Osman, vali ve birka\u00e7 T\u00fcrk belediye ba\u015fkan\u0131n\u0131n huzurunda T\u00fcrkiye&#8217;nin Aksaray kentinde hastalar ve refakat\u00e7ileri i\u00e7in bir bak\u0131m evinin a\u00e7\u0131l\u0131\u015f\u0131na kat\u0131ld\u0131.<\/p>\n<p style=\"text-align: justify;\">Bu a\u00e7\u0131l\u0131\u015f, s\u00fcrd\u00fcr\u00fclebilir kalk\u0131nmay\u0131 sa\u011flamak ve hastalara ve refakat\u00e7ilerine sa\u011flanan bak\u0131m seviyesini iyile\u015ftirmek i\u00e7in ortak \u00e7abalar do\u011frultusunda sosyal ve sa\u011fl\u0131k hizmetleri alan\u0131nda i\u015f birli\u011fini g\u00fc\u00e7lendirme ve uzmanl\u0131k al\u0131\u015fveri\u015finde bulunma \u00e7er\u00e7evesinde ger\u00e7ekle\u015fti.<\/p>\n<p style=\"text-align: justify;\">Bat\u0131 Asya ve Orta Do\u011fu&#8217;daki Birle\u015fmi\u015f Kentler ve Yerel Y\u00f6netimler (UCLGMEWA) konferans\u0131 s\u0131ras\u0131nda, iki vali ayr\u0131ca resmi konferans program\u0131n\u0131n bir par\u00e7as\u0131 olarak ildeki bir dizi turistik ve k\u00fclt\u00fcrel simgeyi gezdi.<\/p>\n<div id='gallery-1' class='gallery galleryid-322235 gallery-columns-1 gallery-size-full'><figure class='gallery-item'>\n\t\t\t<div class='gallery-icon landscape'>\n\t\t\t\t<a href='https:\/\/archive.sana.sy\/tr\/?attachment_id=322237'><img loading=\"lazy\" decoding=\"async\" width=\"660\" height=\"440\" src=\"https:\/\/archive.sana.sy\/tr\/wp-content\/uploads\/2025\/05\/2-34.jpg\" class=\"attachment-full size-full\" alt=\"\" srcset=\"https:\/\/archive.sana.sy\/tr\/wp-content\/uploads\/2025\/05\/2-34.jpg 660w, https:\/\/archive.sana.sy\/tr\/wp-content\/uploads\/2025\/05\/2-34-300x200.jpg 300w\" sizes=\"auto, (max-width: 660px) 100vw, 660px\" \/><\/a>\n\t\t\t<\/div><\/figure><figure class='gallery-item'>\n\t\t\t<div class='gallery-icon landscape'>\n\t\t\t\t<a href='https:\/\/archive.sana.sy\/tr\/?attachment_id=322238'><img loading=\"lazy\" decoding=\"async\" width=\"660\" height=\"403\" src=\"https:\/\/archive.sana.sy\/tr\/wp-content\/uploads\/2025\/05\/3-15.jpg\" class=\"attachment-full size-full\" alt=\"\" srcset=\"https:\/\/archive.sana.sy\/tr\/wp-content\/uploads\/2025\/05\/3-15.jpg 660w, https:\/\/archive.sana.sy\/tr\/wp-content\/uploads\/2025\/05\/3-15-300x183.jpg 300w\" sizes=\"auto, (max-width: 660px) 100vw, 660px\" \/><\/a>\n\t\t\t<\/div><\/figure><figure class='gallery-item'>\n\t\t\t<div class='gallery-icon landscape'>\n\t\t\t\t<a href='https:\/\/archive.sana.sy\/tr\/?attachment_id=322239'><img loading=\"lazy\" decoding=\"async\" width=\"660\" height=\"440\" src=\"https:\/\/archive.sana.sy\/tr\/wp-content\/uploads\/2025\/05\/4-12.jpg\" class=\"attachment-full size-full\" alt=\"\" srcset=\"https:\/\/archive.sana.sy\/tr\/wp-content\/uploads\/2025\/05\/4-12.jpg 660w, https:\/\/archive.sana.sy\/tr\/wp-content\/uploads\/2025\/05\/4-12-300x200.jpg 300w\" sizes=\"auto, (max-width: 660px) 100vw, 660px\" \/><\/a>\n\t\t\t<\/div><\/figure>\n\t\t<\/div>\n\n","protected":false},"excerpt":{"rendered":"<p>LAZK\u0130YE (SANA) \u2013 \u0130dlib Valisi Muhammed Abdurrahman ve Lazkiye Valisi Muhammed Osman, vali ve birka\u00e7 T\u00fcrk belediye ba\u015fkan\u0131n\u0131n huzurunda T\u00fcrkiye&#8217;nin Aksaray kentinde hastalar ve refakat\u00e7ileri i\u00e7in bir bak\u0131m evinin a\u00e7\u0131l\u0131\u015f\u0131na kat\u0131ld\u0131. Bu a\u00e7\u0131l\u0131\u015f, s\u00fcrd\u00fcr\u00fclebilir kalk\u0131nmay\u0131 sa\u011flamak ve hastalara ve refakat\u00e7ilerine sa\u011flanan bak\u0131m seviyesini iyile\u015ftirmek i\u00e7in ortak \u00e7abalar do\u011frultusunda sosyal ve sa\u011fl\u0131k hizmetleri alan\u0131nda i\u015f birli\u011fini &hellip;<\/p>\n","protected":false},"author":44,"featured_media":322236,"comment_status":"closed","ping_status":"closed","sticky":false,"template":"","format":"standard","meta":{"footnotes":""},"categories":[589,479,17988,2555,478],"tags":[43917,43916],"class_list":["post-322235","post","type-post","status-publish","format-standard","has-post-thumbnail","","category-haber-seridi","category-haberler-yerel","category-son-haberler","category-suriye-ve-turkiye","category-yerel","tag-aksaray-valisi-ile-ortak-is-birliginin-artirilmasi-konusunu-gorustu","tag-idlib-ve-lazkiye-valileri"],"_links":{"self":[{"href":"https:\/\/archive.sana.sy\/tr\/index.php?rest_route=\/wp\/v2\/posts\/322235","targetHints":{"allow":["GET"]}}],"collection":[{"href":"https:\/\/archive.sana.sy\/tr\/index.php?rest_route=\/wp\/v2\/posts"}],"about":[{"href":"https:\/\/archive.sana.sy\/tr\/index.php?rest_route=\/wp\/v2\/types\/post"}],"author":[{"embeddable":true,"href":"https:\/\/archive.sana.sy\/tr\/index.php?rest_route=\/wp\/v2\/users\/44"}],"replies":[{"embeddable":true,"href":"https:\/\/archive.sana.sy\/tr\/index.php?rest_route=%2Fwp%2Fv2%2Fcomments&post=322235"}],"version-history":[{"count":1,"href":"https:\/\/archive.sana.sy\/tr\/index.php?rest_route=\/wp\/v2\/posts\/322235\/revisions"}],"predecessor-version":[{"id":322240,"href":"https:\/\/archive.sana.sy\/tr\/index.php?rest_route=\/wp\/v2\/posts\/322235\/revisions\/322240"}],"wp:featuredmedia":[{"embeddable":true,"href":"https:\/\/archive.sana.sy\/tr\/index.php?rest_route=\/wp\/v2\/media\/322236"}],"wp:attachment":[{"href":"https:\/\/archive.sana.sy\/tr\/index.php?rest_route=%2Fwp%2Fv2%2Fmedia&parent=322235"}],"wp:term":[{"taxonomy":"category","embeddable":true,"href":"https:\/\/archive.sana.sy\/tr\/index.php?rest_route=%2Fwp%2Fv2%2Fcategories&post=322235"},{"taxonomy":"post_tag","embeddable":true,"href":"https:\/\/archive.sana.sy\/tr\/index.php?rest_route=%2Fwp%2Fv2%2Ftags&post=322235"}],"curies":[{"name":"wp","href":"https:\/\/api.w.org\/{rel}","templated":true}]}}