{"id":322241,"date":"2025-05-31T12:29:11","date_gmt":"2025-05-31T09:29:11","guid":{"rendered":"https:\/\/sana.sy\/tr\/?p=322241"},"modified":"2025-05-31T12:29:11","modified_gmt":"2025-05-31T09:29:11","slug":"abdnin-suriye-temsilcisi-7-milyar-dolarlik-enerji-anlasmasi-suriyede-sadece-bir-baslangictir","status":"publish","type":"post","link":"https:\/\/archive.sana.sy\/tr\/?p=322241","title":{"rendered":"ABD&#8217;nin Suriye Temsilcisi: 7 Milyar Dolarl\u0131k Enerji Anla\u015fmas\u0131 Suriye&#8217;de Sadece Bir Ba\u015flang\u0131\u00e7t\u0131r"},"content":{"rendered":"<p style=\"text-align: justify;\"><span style=\"color: #800000;\"><strong>ANKARA (SANA) &#8211;<\/strong><\/span> ABD&#8217;nin Suriye \u00d6zel Temsilcisi Thomas Barrack, \u00f6nde gelen uluslararas\u0131 enerji \u015firketlerinden olu\u015fan bir koalisyon arac\u0131l\u0131\u011f\u0131yla Suriye&#8217;ye yap\u0131lacak 7 milyar dolarl\u0131k yat\u0131r\u0131m\u0131n sadece bir ba\u015flang\u0131\u00e7 \u200b\u200boldu\u011funu duyurdu.<\/p>\n<p style=\"text-align: justify;\">Barrack, X platformunda yapt\u0131\u011f\u0131 payla\u015f\u0131mda, &#8220;Bug\u00fcn, ABD Ba\u015fkan\u0131 Donald Trump&#8217;\u0131n kendi gelece\u011fini belirleyen m\u00fcreffeh bir Suriye vizyonunu g\u00f6r\u00fc\u015fmek \u00fczere \u0130stanbul&#8217;da Katar D\u0131\u015fi\u015fleri Bakanl\u0131\u011f\u0131 Devlet Bakan\u0131 Muhammed El Huleyfi ile bir araya geldim&#8221; ifadelerini kulland\u0131.<\/p>\n<p style=\"text-align: justify;\">Barrack ayr\u0131ca, &#8221;7 milyar dolarl\u0131k enerji anla\u015fmas\u0131 sadece bir ba\u015flang\u0131\u00e7 \u200b\u200bve Katar, ABD D\u0131\u015fi\u015fleri Bakan\u0131 Marco Rubio&#8217;nun yapt\u0131r\u0131mlar\u0131 kesin bir \u015fekilde kald\u0131rmas\u0131yla art\u0131k i\u015f yapmaya a\u00e7\u0131lan Suriye&#8217;ye yat\u0131r\u0131m yapmay\u0131 planl\u0131yor&#8221; ifadelerini s\u00f6zlerine ekledi.<\/p>\n","protected":false},"excerpt":{"rendered":"<p>ANKARA (SANA) &#8211; ABD&#8217;nin Suriye \u00d6zel Temsilcisi Thomas Barrack, \u00f6nde gelen uluslararas\u0131 enerji \u015firketlerinden olu\u015fan bir koalisyon arac\u0131l\u0131\u011f\u0131yla Suriye&#8217;ye yap\u0131lacak 7 milyar dolarl\u0131k yat\u0131r\u0131m\u0131n sadece bir ba\u015flang\u0131\u00e7 \u200b\u200boldu\u011funu duyurdu. Barrack, X platformunda yapt\u0131\u011f\u0131 payla\u015f\u0131mda, &#8220;Bug\u00fcn, ABD Ba\u015fkan\u0131 Donald Trump&#8217;\u0131n kendi gelece\u011fini belirleyen m\u00fcreffeh bir Suriye vizyonunu g\u00f6r\u00fc\u015fmek \u00fczere \u0130stanbul&#8217;da Katar D\u0131\u015fi\u015fleri Bakanl\u0131\u011f\u0131 Devlet Bakan\u0131 Muhammed &hellip;<\/p>\n","protected":false},"author":44,"featured_media":322242,"comment_status":"closed","ping_status":"closed","sticky":false,"template":"","format":"standard","meta":{"footnotes":""},"categories":[458,589,459,17988],"tags":[43918],"class_list":["post-322241","post","type-post","status-publish","format-standard","has-post-thumbnail","","category-dunya1","category-haber-seridi","category-haberler-arap-uluslararasi-politika","category-son-haberler","tag-abdnin-suriye-temsilcisi-7-milyar-dolarlik-enerji-anlasmasi-suriyede-sadece-bir-baslangictir"],"_links":{"self":[{"href":"https:\/\/archive.sana.sy\/tr\/index.php?rest_route=\/wp\/v2\/posts\/322241","targetHints":{"allow":["GET"]}}],"collection":[{"href":"https:\/\/archive.sana.sy\/tr\/index.php?rest_route=\/wp\/v2\/posts"}],"about":[{"href":"https:\/\/archive.sana.sy\/tr\/index.php?rest_route=\/wp\/v2\/types\/post"}],"author":[{"embeddable":true,"href":"https:\/\/archive.sana.sy\/tr\/index.php?rest_route=\/wp\/v2\/users\/44"}],"replies":[{"embeddable":true,"href":"https:\/\/archive.sana.sy\/tr\/index.php?rest_route=%2Fwp%2Fv2%2Fcomments&post=322241"}],"version-history":[{"count":1,"href":"https:\/\/archive.sana.sy\/tr\/index.php?rest_route=\/wp\/v2\/posts\/322241\/revisions"}],"predecessor-version":[{"id":322243,"href":"https:\/\/archive.sana.sy\/tr\/index.php?rest_route=\/wp\/v2\/posts\/322241\/revisions\/322243"}],"wp:featuredmedia":[{"embeddable":true,"href":"https:\/\/archive.sana.sy\/tr\/index.php?rest_route=\/wp\/v2\/media\/322242"}],"wp:attachment":[{"href":"https:\/\/archive.sana.sy\/tr\/index.php?rest_route=%2Fwp%2Fv2%2Fmedia&parent=322241"}],"wp:term":[{"taxonomy":"category","embeddable":true,"href":"https:\/\/archive.sana.sy\/tr\/index.php?rest_route=%2Fwp%2Fv2%2Fcategories&post=322241"},{"taxonomy":"post_tag","embeddable":true,"href":"https:\/\/archive.sana.sy\/tr\/index.php?rest_route=%2Fwp%2Fv2%2Ftags&post=322241"}],"curies":[{"name":"wp","href":"https:\/\/api.w.org\/{rel}","templated":true}]}}