{"id":322244,"date":"2025-05-30T22:33:23","date_gmt":"2025-05-30T19:33:23","guid":{"rendered":"https:\/\/sana.sy\/tr\/?p=322244"},"modified":"2025-05-31T15:49:59","modified_gmt":"2025-05-31T12:49:59","slug":"bakan-el-mustafa-cumhurbaskani-el-sara-baskanliginda-yapilan-olagan-kabine-toplantisinin-ayrintilarini-degerlendi","status":"publish","type":"post","link":"https:\/\/archive.sana.sy\/tr\/?p=322244","title":{"rendered":"Bakan El Mustafa, Cumhurba\u015fkan\u0131 El \u015eara Ba\u015fkanl\u0131\u011f\u0131nda Yap\u0131lan Ola\u011fan Kabine Toplant\u0131s\u0131n\u0131n Ayr\u0131nt\u0131lar\u0131n\u0131 De\u011ferlendirdi"},"content":{"rendered":"<p style=\"text-align: justify;\"><span style=\"color: #800000;\"><strong>\u015eAM (SANA) &#8211;<\/strong><\/span> Enformasyon Bakan\u0131 Hamza El Mustafa, son geli\u015fmeleri ve Suriye h\u00fck\u00fcmetinin \u00e7al\u0131\u015fmalar\u0131n\u0131 g\u00f6r\u00fc\u015fmek \u00fczere bir bas\u0131n toplant\u0131s\u0131 d\u00fczenledi.<\/p>\n<p style=\"text-align: justify;\">El Mustafa, uluslararas\u0131 yapt\u0131r\u0131mlar\u0131n kald\u0131r\u0131lmas\u0131n\u0131n ard\u0131ndan Suriye&#8217;ye yabanc\u0131 ve Arap yat\u0131r\u0131mlar\u0131n\u0131n a\u00e7\u0131lmas\u0131 ve \u00e7ekilmesi olas\u0131l\u0131klar\u0131ndan bahsetti.<\/p>\n<p style=\"text-align: justify;\">Bakan El Mustafa ayr\u0131ca , &#8220;Cumhurba\u015fkan\u0131 Say\u0131n Ahmed El \u015eara, ola\u011fan Kabine toplant\u0131s\u0131na ba\u015fkanl\u0131k ederken, Suriye&#8217;nin g\u00fcven olu\u015fturma a\u015famas\u0131n\u0131 tamamlay\u0131p stat\u00fcs\u00fcn\u00fc yeniden sa\u011flamak i\u00e7in yeni bir a\u015famaya girdi\u011fi \u015fu d\u00f6nemde, etkili yasa ve d\u00fczenlemeler ve fonlar\u0131n serbest dola\u015f\u0131m\u0131 yoluyla uygun bir yat\u0131r\u0131m ortam\u0131 yaratma ihtiyac\u0131n\u0131 vurgulad\u0131.&#8221; \u015feklinde a\u00e7\u0131klama yapt\u0131.<\/p>\n<p style=\"text-align: justify;\">Bakan El Mustafa a\u00e7\u0131klamas\u0131nda da, Cumhurba\u015fkan\u0131 El \u015eara&#8217;n\u0131n toplant\u0131 s\u0131ras\u0131nda bir dizi y\u00f6nerge sundu\u011funu, Suriye&#8217;nin hayati sekt\u00f6rlerde \u00f6nemli yabanc\u0131 yat\u0131r\u0131ma do\u011fru ilerlemek i\u00e7in tarihi bir f\u0131rsatla kar\u015f\u0131 kar\u015f\u0131ya oldu\u011funu ve Suriye&#8217;de enerji, turizm, serbest b\u00f6lgeler, demiryollar\u0131 ve sanayi sekt\u00f6rlerinde yat\u0131r\u0131m talebinin y\u00fcksek oldu\u011funu kaydetti\u011fini s\u00f6zlerine ekledi.<\/p>\n","protected":false},"excerpt":{"rendered":"<p>\u015eAM (SANA) &#8211; Enformasyon Bakan\u0131 Hamza El Mustafa, son geli\u015fmeleri ve Suriye h\u00fck\u00fcmetinin \u00e7al\u0131\u015fmalar\u0131n\u0131 g\u00f6r\u00fc\u015fmek \u00fczere bir bas\u0131n toplant\u0131s\u0131 d\u00fczenledi. El Mustafa, uluslararas\u0131 yapt\u0131r\u0131mlar\u0131n kald\u0131r\u0131lmas\u0131n\u0131n ard\u0131ndan Suriye&#8217;ye yabanc\u0131 ve Arap yat\u0131r\u0131mlar\u0131n\u0131n a\u00e7\u0131lmas\u0131 ve \u00e7ekilmesi olas\u0131l\u0131klar\u0131ndan bahsetti. Bakan El Mustafa ayr\u0131ca , &#8220;Cumhurba\u015fkan\u0131 Say\u0131n Ahmed El \u015eara, ola\u011fan Kabine toplant\u0131s\u0131na ba\u015fkanl\u0131k ederken, Suriye&#8217;nin g\u00fcven olu\u015fturma a\u015famas\u0131n\u0131 &hellip;<\/p>\n","protected":false},"author":44,"featured_media":322245,"comment_status":"closed","ping_status":"closed","sticky":false,"template":"","format":"standard","meta":{"footnotes":""},"categories":[589,479,478],"tags":[43919,43920],"class_list":["post-322244","post","type-post","status-publish","format-standard","has-post-thumbnail","","category-haber-seridi","category-haberler-yerel","category-yerel","tag-bakan-el-mustafa","tag-cumhurbaskani-el-sara-baskanliginda-yapilan-olagan-kabine-toplantisinin-ayrintilarini-degerlendi"],"_links":{"self":[{"href":"https:\/\/archive.sana.sy\/tr\/index.php?rest_route=\/wp\/v2\/posts\/322244","targetHints":{"allow":["GET"]}}],"collection":[{"href":"https:\/\/archive.sana.sy\/tr\/index.php?rest_route=\/wp\/v2\/posts"}],"about":[{"href":"https:\/\/archive.sana.sy\/tr\/index.php?rest_route=\/wp\/v2\/types\/post"}],"author":[{"embeddable":true,"href":"https:\/\/archive.sana.sy\/tr\/index.php?rest_route=\/wp\/v2\/users\/44"}],"replies":[{"embeddable":true,"href":"https:\/\/archive.sana.sy\/tr\/index.php?rest_route=%2Fwp%2Fv2%2Fcomments&post=322244"}],"version-history":[{"count":3,"href":"https:\/\/archive.sana.sy\/tr\/index.php?rest_route=\/wp\/v2\/posts\/322244\/revisions"}],"predecessor-version":[{"id":322261,"href":"https:\/\/archive.sana.sy\/tr\/index.php?rest_route=\/wp\/v2\/posts\/322244\/revisions\/322261"}],"wp:featuredmedia":[{"embeddable":true,"href":"https:\/\/archive.sana.sy\/tr\/index.php?rest_route=\/wp\/v2\/media\/322245"}],"wp:attachment":[{"href":"https:\/\/archive.sana.sy\/tr\/index.php?rest_route=%2Fwp%2Fv2%2Fmedia&parent=322244"}],"wp:term":[{"taxonomy":"category","embeddable":true,"href":"https:\/\/archive.sana.sy\/tr\/index.php?rest_route=%2Fwp%2Fv2%2Fcategories&post=322244"},{"taxonomy":"post_tag","embeddable":true,"href":"https:\/\/archive.sana.sy\/tr\/index.php?rest_route=%2Fwp%2Fv2%2Ftags&post=322244"}],"curies":[{"name":"wp","href":"https:\/\/api.w.org\/{rel}","templated":true}]}}