{"id":322247,"date":"2025-05-31T14:17:22","date_gmt":"2025-05-31T11:17:22","guid":{"rendered":"https:\/\/sana.sy\/tr\/?p=322247"},"modified":"2025-06-01T12:58:54","modified_gmt":"2025-06-01T09:58:54","slug":"bakan-el-seybani-sam-uluslararasi-havalimanina-varisinda-suudi-mevkidasini-kabul-etti","status":"publish","type":"post","link":"https:\/\/archive.sana.sy\/tr\/?p=322247","title":{"rendered":"Bakan El \u015eeybani, \u015eam Uluslararas\u0131 Havaliman\u0131&#8217;na Var\u0131\u015f\u0131nda Suudi Mevkida\u015f\u0131n\u0131 Kabul Etti"},"content":{"rendered":"<p style=\"text-align: justify;\"><span style=\"color: #800000;\"><strong><span style=\"color: #ff0000;\">\u015eAM (SANA)<\/span> &#8211;<\/strong><\/span> D\u0131\u015fi\u015fleri ve Gurbet\u00e7iler Bakan\u0131 Asaad El \u015eeybani, \u015eam Uluslararas\u0131 Havaliman\u0131&#8217;na var\u0131\u015f\u0131nda \u00fcst d\u00fczey bir heyetin ba\u015fkanl\u0131\u011f\u0131nda Suudi mevkida\u015f\u0131 Prens Faysal bin Ferhan bin Abdullah El Suud&#8217;u kabul etti.<\/p>\n<div id='gallery-1' class='gallery galleryid-322247 gallery-columns-1 gallery-size-full'><figure class='gallery-item'>\n\t\t\t<div class='gallery-icon landscape'>\n\t\t\t\t<a href='https:\/\/archive.sana.sy\/tr\/?attachment_id=322249'><img loading=\"lazy\" decoding=\"async\" width=\"660\" height=\"370\" src=\"https:\/\/archive.sana.sy\/tr\/wp-content\/uploads\/2025\/05\/photo_2025-05-31_13-46-49.jpg\" class=\"attachment-full size-full\" alt=\"\" srcset=\"https:\/\/archive.sana.sy\/tr\/wp-content\/uploads\/2025\/05\/photo_2025-05-31_13-46-49.jpg 660w, https:\/\/archive.sana.sy\/tr\/wp-content\/uploads\/2025\/05\/photo_2025-05-31_13-46-49-300x168.jpg 300w\" sizes=\"auto, (max-width: 660px) 100vw, 660px\" \/><\/a>\n\t\t\t<\/div><\/figure><figure class='gallery-item'>\n\t\t\t<div class='gallery-icon landscape'>\n\t\t\t\t<a href='https:\/\/archive.sana.sy\/tr\/?attachment_id=322250'><img loading=\"lazy\" decoding=\"async\" width=\"660\" height=\"370\" src=\"https:\/\/archive.sana.sy\/tr\/wp-content\/uploads\/2025\/05\/2-35.jpg\" class=\"attachment-full size-full\" alt=\"\" srcset=\"https:\/\/archive.sana.sy\/tr\/wp-content\/uploads\/2025\/05\/2-35.jpg 660w, https:\/\/archive.sana.sy\/tr\/wp-content\/uploads\/2025\/05\/2-35-300x168.jpg 300w\" sizes=\"auto, (max-width: 660px) 100vw, 660px\" \/><\/a>\n\t\t\t<\/div><\/figure>\n\t\t<\/div>\n\n","protected":false},"excerpt":{"rendered":"<p>\u015eAM (SANA) &#8211; D\u0131\u015fi\u015fleri ve Gurbet\u00e7iler Bakan\u0131 Asaad El \u015eeybani, \u015eam Uluslararas\u0131 Havaliman\u0131&#8217;na var\u0131\u015f\u0131nda \u00fcst d\u00fczey bir heyetin ba\u015fkanl\u0131\u011f\u0131nda Suudi mevkida\u015f\u0131 Prens Faysal bin Ferhan bin Abdullah El Suud&#8217;u kabul etti.<\/p>\n","protected":false},"author":44,"featured_media":322248,"comment_status":"closed","ping_status":"closed","sticky":false,"template":"","format":"standard","meta":{"footnotes":""},"categories":[479,17988,478],"tags":[43131,43921],"class_list":["post-322247","post","type-post","status-publish","format-standard","has-post-thumbnail","","category-haberler-yerel","category-son-haberler","category-yerel","tag-bakan-el-seybani","tag-sam-uluslararasi-havalimanina-varisinda-suudi-mevkidasini-kabul-etti"],"_links":{"self":[{"href":"https:\/\/archive.sana.sy\/tr\/index.php?rest_route=\/wp\/v2\/posts\/322247","targetHints":{"allow":["GET"]}}],"collection":[{"href":"https:\/\/archive.sana.sy\/tr\/index.php?rest_route=\/wp\/v2\/posts"}],"about":[{"href":"https:\/\/archive.sana.sy\/tr\/index.php?rest_route=\/wp\/v2\/types\/post"}],"author":[{"embeddable":true,"href":"https:\/\/archive.sana.sy\/tr\/index.php?rest_route=\/wp\/v2\/users\/44"}],"replies":[{"embeddable":true,"href":"https:\/\/archive.sana.sy\/tr\/index.php?rest_route=%2Fwp%2Fv2%2Fcomments&post=322247"}],"version-history":[{"count":2,"href":"https:\/\/archive.sana.sy\/tr\/index.php?rest_route=\/wp\/v2\/posts\/322247\/revisions"}],"predecessor-version":[{"id":322267,"href":"https:\/\/archive.sana.sy\/tr\/index.php?rest_route=\/wp\/v2\/posts\/322247\/revisions\/322267"}],"wp:featuredmedia":[{"embeddable":true,"href":"https:\/\/archive.sana.sy\/tr\/index.php?rest_route=\/wp\/v2\/media\/322248"}],"wp:attachment":[{"href":"https:\/\/archive.sana.sy\/tr\/index.php?rest_route=%2Fwp%2Fv2%2Fmedia&parent=322247"}],"wp:term":[{"taxonomy":"category","embeddable":true,"href":"https:\/\/archive.sana.sy\/tr\/index.php?rest_route=%2Fwp%2Fv2%2Fcategories&post=322247"},{"taxonomy":"post_tag","embeddable":true,"href":"https:\/\/archive.sana.sy\/tr\/index.php?rest_route=%2Fwp%2Fv2%2Ftags&post=322247"}],"curies":[{"name":"wp","href":"https:\/\/api.w.org\/{rel}","templated":true}]}}