{"id":322262,"date":"2025-05-31T16:13:46","date_gmt":"2025-05-31T13:13:46","guid":{"rendered":"https:\/\/sana.sy\/tr\/?p=322262"},"modified":"2025-06-01T15:39:27","modified_gmt":"2025-06-01T12:39:27","slug":"cumhurbaskani-el-sara-ust-duzey-suudi-heyetini-kabul-etti","status":"publish","type":"post","link":"https:\/\/archive.sana.sy\/tr\/?p=322262","title":{"rendered":"Cumhurba\u015fkan\u0131 El \u015eara, \u00dcst D\u00fczey Suudi Heyetini Kabul Etti"},"content":{"rendered":"<p style=\"text-align: justify;\"><span style=\"color: #ff0000;\"><strong>\u015eAM (SANA)<\/strong> <\/span>&#8211; Cumhurba\u015fkan\u0131 Ahmed El \u015eara, iki \u00fclke aras\u0131ndaki i\u015f birli\u011fini g\u00fc\u00e7lendirmeyi ama\u00e7layan bir ziyarette D\u0131\u015fi\u015fleri Bakan\u0131 Prens Faysal bin Ferhan El Suud ba\u015fkanl\u0131\u011f\u0131ndaki \u00fcst d\u00fczey bir Suudi heyetini kabul etti.<\/p>\n<div id='gallery-1' class='gallery galleryid-322262 gallery-columns-1 gallery-size-full'><figure class='gallery-item'>\n\t\t\t<div class='gallery-icon landscape'>\n\t\t\t\t<a href='https:\/\/archive.sana.sy\/tr\/?attachment_id=322265'><img loading=\"lazy\" decoding=\"async\" width=\"2560\" height=\"1437\" src=\"https:\/\/archive.sana.sy\/tr\/wp-content\/uploads\/2025\/05\/photo_2025-05-31_16-03-03.jpg\" class=\"attachment-full size-full\" alt=\"\" srcset=\"https:\/\/archive.sana.sy\/tr\/wp-content\/uploads\/2025\/05\/photo_2025-05-31_16-03-03.jpg 2560w, https:\/\/archive.sana.sy\/tr\/wp-content\/uploads\/2025\/05\/photo_2025-05-31_16-03-03-300x168.jpg 300w, https:\/\/archive.sana.sy\/tr\/wp-content\/uploads\/2025\/05\/photo_2025-05-31_16-03-03-1024x575.jpg 1024w, https:\/\/archive.sana.sy\/tr\/wp-content\/uploads\/2025\/05\/photo_2025-05-31_16-03-03-768x431.jpg 768w, https:\/\/archive.sana.sy\/tr\/wp-content\/uploads\/2025\/05\/photo_2025-05-31_16-03-03-1536x862.jpg 1536w, https:\/\/archive.sana.sy\/tr\/wp-content\/uploads\/2025\/05\/photo_2025-05-31_16-03-03-2048x1150.jpg 2048w\" sizes=\"auto, (max-width: 2560px) 100vw, 2560px\" \/><\/a>\n\t\t\t<\/div><\/figure><figure class='gallery-item'>\n\t\t\t<div class='gallery-icon landscape'>\n\t\t\t\t<a href='https:\/\/archive.sana.sy\/tr\/?attachment_id=322264'><img loading=\"lazy\" decoding=\"async\" width=\"2560\" height=\"1707\" src=\"https:\/\/archive.sana.sy\/tr\/wp-content\/uploads\/2025\/05\/photo_2025-05-31_16-03-05.jpg\" class=\"attachment-full size-full\" alt=\"\" srcset=\"https:\/\/archive.sana.sy\/tr\/wp-content\/uploads\/2025\/05\/photo_2025-05-31_16-03-05.jpg 2560w, https:\/\/archive.sana.sy\/tr\/wp-content\/uploads\/2025\/05\/photo_2025-05-31_16-03-05-300x200.jpg 300w, https:\/\/archive.sana.sy\/tr\/wp-content\/uploads\/2025\/05\/photo_2025-05-31_16-03-05-1024x683.jpg 1024w, https:\/\/archive.sana.sy\/tr\/wp-content\/uploads\/2025\/05\/photo_2025-05-31_16-03-05-768x512.jpg 768w, https:\/\/archive.sana.sy\/tr\/wp-content\/uploads\/2025\/05\/photo_2025-05-31_16-03-05-1536x1024.jpg 1536w, https:\/\/archive.sana.sy\/tr\/wp-content\/uploads\/2025\/05\/photo_2025-05-31_16-03-05-2048x1366.jpg 2048w\" sizes=\"auto, (max-width: 2560px) 100vw, 2560px\" \/><\/a>\n\t\t\t<\/div><\/figure>\n\t\t<\/div>\n\n<p>&nbsp;<\/p>\n<p>&nbsp;<\/p>\n","protected":false},"excerpt":{"rendered":"<p>\u015eAM (SANA) &#8211; Cumhurba\u015fkan\u0131 Ahmed El \u015eara, iki \u00fclke aras\u0131ndaki i\u015f birli\u011fini g\u00fc\u00e7lendirmeyi ama\u00e7layan bir ziyarette D\u0131\u015fi\u015fleri Bakan\u0131 Prens Faysal bin Ferhan El Suud ba\u015fkanl\u0131\u011f\u0131ndaki \u00fcst d\u00fczey bir Suudi heyetini kabul etti. &nbsp; &nbsp;<\/p>\n","protected":false},"author":41,"featured_media":322263,"comment_status":"closed","ping_status":"closed","sticky":false,"template":"","format":"standard","meta":{"footnotes":""},"categories":[606,589,605,17988],"tags":[],"class_list":["post-322262","post","type-post","status-publish","format-standard","has-post-thumbnail","","category-cumhurbaskani","category-haber-seridi","category-sayin-cumhurbaskani","category-son-haberler"],"_links":{"self":[{"href":"https:\/\/archive.sana.sy\/tr\/index.php?rest_route=\/wp\/v2\/posts\/322262","targetHints":{"allow":["GET"]}}],"collection":[{"href":"https:\/\/archive.sana.sy\/tr\/index.php?rest_route=\/wp\/v2\/posts"}],"about":[{"href":"https:\/\/archive.sana.sy\/tr\/index.php?rest_route=\/wp\/v2\/types\/post"}],"author":[{"embeddable":true,"href":"https:\/\/archive.sana.sy\/tr\/index.php?rest_route=\/wp\/v2\/users\/41"}],"replies":[{"embeddable":true,"href":"https:\/\/archive.sana.sy\/tr\/index.php?rest_route=%2Fwp%2Fv2%2Fcomments&post=322262"}],"version-history":[{"count":1,"href":"https:\/\/archive.sana.sy\/tr\/index.php?rest_route=\/wp\/v2\/posts\/322262\/revisions"}],"predecessor-version":[{"id":322266,"href":"https:\/\/archive.sana.sy\/tr\/index.php?rest_route=\/wp\/v2\/posts\/322262\/revisions\/322266"}],"wp:featuredmedia":[{"embeddable":true,"href":"https:\/\/archive.sana.sy\/tr\/index.php?rest_route=\/wp\/v2\/media\/322263"}],"wp:attachment":[{"href":"https:\/\/archive.sana.sy\/tr\/index.php?rest_route=%2Fwp%2Fv2%2Fmedia&parent=322262"}],"wp:term":[{"taxonomy":"category","embeddable":true,"href":"https:\/\/archive.sana.sy\/tr\/index.php?rest_route=%2Fwp%2Fv2%2Fcategories&post=322262"},{"taxonomy":"post_tag","embeddable":true,"href":"https:\/\/archive.sana.sy\/tr\/index.php?rest_route=%2Fwp%2Fv2%2Ftags&post=322262"}],"curies":[{"name":"wp","href":"https:\/\/api.w.org\/{rel}","templated":true}]}}