{"id":322268,"date":"2025-05-31T16:22:53","date_gmt":"2025-05-31T13:22:53","guid":{"rendered":"https:\/\/sana.sy\/tr\/?p=322268"},"modified":"2025-05-31T17:30:02","modified_gmt":"2025-05-31T14:30:02","slug":"enformasyon-bakani-turksat-ile-uydu-medya-is-birligi-hakkinda-gorustu","status":"publish","type":"post","link":"https:\/\/archive.sana.sy\/tr\/?p=322268","title":{"rendered":"Enformasyon Bakan\u0131 T\u00fcrksat \u0130le Uydu Medya \u0130\u015f Birli\u011fini G\u00f6r\u00fc\u015ft\u00fc"},"content":{"rendered":"<p style=\"text-align: justify;\"><span style=\"color: #ff0000;\"><strong>\u015eAM (SANA)<\/strong><\/span> &#8211; Enformasyon Bakan\u0131 Dr. Hamza El Mustafa, Suriye h\u00fck\u00fcmetinin medya sekt\u00f6r\u00fcn\u00fc geli\u015ftirmek i\u00e7in sa\u011flad\u0131\u011f\u0131 olanaklar \u0131\u015f\u0131\u011f\u0131nda uydu medya i\u015f birli\u011fini art\u0131rman\u0131n yollar\u0131n\u0131 T\u00fcrksat CEO&#8217;su Ahmet Hamdi Atalay ile g\u00f6r\u00fc\u015ft\u00fc.<\/p>\n<p style=\"text-align: justify;\">Bakanl\u0131kta ger\u00e7ekle\u015fen toplant\u0131da CEO, Enformasyon Bakanl\u0131\u011f\u0131&#8217;na ba\u011fl\u0131 bir uydu yay\u0131n merkezinin lansman\u0131n\u0131 sundu. Bu merkez arac\u0131l\u0131\u011f\u0131yla resmi Suriye kanallar\u0131 yay\u0131n yapacak ve bakanl\u0131\u011fa maddi getiri sa\u011flayacak. Ayr\u0131ca Netflix benzeri bir \u00fcst d\u00fczey (OTT) platform olu\u015fturulmas\u0131n\u0131 \u00f6nerdi. Bu platform, uydu yay\u0131nc\u0131l\u0131\u011f\u0131 ve dijital hizmetleri birle\u015ftirerek Suriye medya i\u00e7eri\u011finin k\u00fcresel bir kitleye ula\u015fmas\u0131n\u0131 da sa\u011flayacak.<\/p>\n<p style=\"text-align: justify;\">Enformasyon Bakan\u0131 ise \u015firketle \u00f6nemli bir i\u015f birli\u011fi yapma konusunda iyimserli\u011fini dile getirdi. Teklif, uygun kararlar almak ve bu projelerin entegre bir \u015fekilde uygulanmas\u0131n\u0131 sa\u011flamak i\u00e7in teknik bir \u00e7er\u00e7eve olu\u015fturmak \u00fczere Suriye h\u00fck\u00fcmetine sunulacak.<\/p>\n<p style=\"text-align: justify;\">Bu g\u00f6r\u00fc\u015fme, Enformasyon Bakanl\u0131\u011f\u0131&#8217;n\u0131n Suriye medyas\u0131n\u0131 geli\u015ftirme ve uydu yay\u0131nc\u0131l\u0131\u011f\u0131 ve dijital platformlar alan\u0131nda niteliksel bir s\u0131\u00e7rama sa\u011flamak i\u00e7in uzay teknolojisinden yararlanma vizyonu kapsam\u0131nda yer al\u0131yor.<\/p>\n","protected":false},"excerpt":{"rendered":"<p>\u015eAM (SANA) &#8211; Enformasyon Bakan\u0131 Dr. Hamza El Mustafa, Suriye h\u00fck\u00fcmetinin medya sekt\u00f6r\u00fcn\u00fc geli\u015ftirmek i\u00e7in sa\u011flad\u0131\u011f\u0131 olanaklar \u0131\u015f\u0131\u011f\u0131nda uydu medya i\u015f birli\u011fini art\u0131rman\u0131n yollar\u0131n\u0131 T\u00fcrksat CEO&#8217;su Ahmet Hamdi Atalay ile g\u00f6r\u00fc\u015ft\u00fc. Bakanl\u0131kta ger\u00e7ekle\u015fen toplant\u0131da CEO, Enformasyon Bakanl\u0131\u011f\u0131&#8217;na ba\u011fl\u0131 bir uydu yay\u0131n merkezinin lansman\u0131n\u0131 sundu. Bu merkez arac\u0131l\u0131\u011f\u0131yla resmi Suriye kanallar\u0131 yay\u0131n yapacak ve bakanl\u0131\u011fa maddi &hellip;<\/p>\n","protected":false},"author":41,"featured_media":322269,"comment_status":"closed","ping_status":"closed","sticky":false,"template":"","format":"standard","meta":{"footnotes":""},"categories":[589,479,17988,478],"tags":[],"class_list":["post-322268","post","type-post","status-publish","format-standard","has-post-thumbnail","","category-haber-seridi","category-haberler-yerel","category-son-haberler","category-yerel"],"_links":{"self":[{"href":"https:\/\/archive.sana.sy\/tr\/index.php?rest_route=\/wp\/v2\/posts\/322268","targetHints":{"allow":["GET"]}}],"collection":[{"href":"https:\/\/archive.sana.sy\/tr\/index.php?rest_route=\/wp\/v2\/posts"}],"about":[{"href":"https:\/\/archive.sana.sy\/tr\/index.php?rest_route=\/wp\/v2\/types\/post"}],"author":[{"embeddable":true,"href":"https:\/\/archive.sana.sy\/tr\/index.php?rest_route=\/wp\/v2\/users\/41"}],"replies":[{"embeddable":true,"href":"https:\/\/archive.sana.sy\/tr\/index.php?rest_route=%2Fwp%2Fv2%2Fcomments&post=322268"}],"version-history":[{"count":4,"href":"https:\/\/archive.sana.sy\/tr\/index.php?rest_route=\/wp\/v2\/posts\/322268\/revisions"}],"predecessor-version":[{"id":322273,"href":"https:\/\/archive.sana.sy\/tr\/index.php?rest_route=\/wp\/v2\/posts\/322268\/revisions\/322273"}],"wp:featuredmedia":[{"embeddable":true,"href":"https:\/\/archive.sana.sy\/tr\/index.php?rest_route=\/wp\/v2\/media\/322269"}],"wp:attachment":[{"href":"https:\/\/archive.sana.sy\/tr\/index.php?rest_route=%2Fwp%2Fv2%2Fmedia&parent=322268"}],"wp:term":[{"taxonomy":"category","embeddable":true,"href":"https:\/\/archive.sana.sy\/tr\/index.php?rest_route=%2Fwp%2Fv2%2Fcategories&post=322268"},{"taxonomy":"post_tag","embeddable":true,"href":"https:\/\/archive.sana.sy\/tr\/index.php?rest_route=%2Fwp%2Fv2%2Ftags&post=322268"}],"curies":[{"name":"wp","href":"https:\/\/api.w.org\/{rel}","templated":true}]}}