{"id":322274,"date":"2025-05-31T17:38:48","date_gmt":"2025-05-31T14:38:48","guid":{"rendered":"https:\/\/sana.sy\/tr\/?p=322274"},"modified":"2025-05-31T17:38:48","modified_gmt":"2025-05-31T14:38:48","slug":"enformasyon-bakani-suriyedeki-ab-delegasyonu-maslahatguzariyla-gorustu","status":"publish","type":"post","link":"https:\/\/archive.sana.sy\/tr\/?p=322274","title":{"rendered":"Enformasyon Bakan\u0131 Suriye&#8217;deki AB Delegasyonu Maslahatg\u00fczar\u0131yla G\u00f6r\u00fc\u015ft\u00fc"},"content":{"rendered":"<p style=\"text-align: justify;\"><span style=\"color: #ff0000;\"><strong>\u015eAM (SANA) &#8211;<\/strong><\/span> Enformasyon Bakan\u0131 Dr. Hamza El Mustafa bug\u00fcn Suriye&#8217;deki Avrupa Birli\u011fi Delegasyonu Maslahatg\u00fczar\u0131 Michael Unmacht ile g\u00f6r\u00fc\u015ft\u00fc.<\/p>\n<p style=\"text-align: justify;\"><img loading=\"lazy\" decoding=\"async\" class=\"size-full wp-image-322276 alignright\" src=\"http:\/\/sana.sy\/tr\/wp-content\/uploads\/2025\/05\/photo_2025-05-31_17-01-40-copy-300x200-1.jpg\" alt=\"\" width=\"300\" height=\"200\" \/>Bakanl\u0131kta ger\u00e7ekle\u015fen g\u00f6r\u00fc\u015fmede, iki taraf yeni Suriye h\u00fck\u00fcmetinin \u00fclke i\u00e7inde faaliyet g\u00f6stermek \u00fczere Arap ve uluslararas\u0131 medya kurulu\u015flar\u0131na sa\u011flad\u0131\u011f\u0131 kolayl\u0131klar\u0131 g\u00f6zden ge\u00e7irdi.<\/p>\n<p style=\"text-align: justify;\">G\u00f6r\u00fc\u015fmede ayr\u0131ca Bakanl\u0131\u011f\u0131n ulusal ve ba\u011f\u0131ms\u0131z medyay\u0131 destekleme ve medya prod\u00fcksiyon \u015firketlerinin Suriye pazar\u0131na geri d\u00f6nmesi i\u00e7in uygun bir ortam yaratma \u00e7abalar\u0131 ele al\u0131nd\u0131.<\/p>\n<p style=\"text-align: justify;\">Bakan El Mustafa, Bakanl\u0131\u011f\u0131n sosyal medyada yay\u0131lan yanl\u0131\u015f bilgi ve s\u00f6ylentilere ve bunlar\u0131n yayd\u0131\u011f\u0131 nefret s\u00f6ylemine kar\u015f\u0131 koyma \u00e7abalar\u0131ndan bahsederek, rasyonel ve dengeli bir medya s\u00f6ylemini te\u015fvik etmenin \u00f6nemini vurgulad\u0131.<\/p>\n<p style=\"text-align: justify;\">Bakan ayr\u0131ca, Bakanl\u0131\u011f\u0131n medya \u00e7al\u0131\u015fmalar\u0131n\u0131 d\u00fczenleme, ulusal ve ba\u011f\u0131ms\u0131z medya kurulu\u015flar\u0131 i\u00e7in ifade \u00f6zg\u00fcrl\u00fc\u011f\u00fcn\u00fc g\u00fcvence alt\u0131na alma ve Suriye toplumunun \u00e7e\u015fitli bile\u015fenlerini temsil eden kapsaml\u0131 bir medya s\u00f6yleminin geli\u015ftirilmesine katk\u0131da bulunma stratejisini sundu.<\/p>\n","protected":false},"excerpt":{"rendered":"<p>\u015eAM (SANA) &#8211; Enformasyon Bakan\u0131 Dr. Hamza El Mustafa bug\u00fcn Suriye&#8217;deki Avrupa Birli\u011fi Delegasyonu Maslahatg\u00fczar\u0131 Michael Unmacht ile g\u00f6r\u00fc\u015ft\u00fc. Bakanl\u0131kta ger\u00e7ekle\u015fen g\u00f6r\u00fc\u015fmede, iki taraf yeni Suriye h\u00fck\u00fcmetinin \u00fclke i\u00e7inde faaliyet g\u00f6stermek \u00fczere Arap ve uluslararas\u0131 medya kurulu\u015flar\u0131na sa\u011flad\u0131\u011f\u0131 kolayl\u0131klar\u0131 g\u00f6zden ge\u00e7irdi. G\u00f6r\u00fc\u015fmede ayr\u0131ca Bakanl\u0131\u011f\u0131n ulusal ve ba\u011f\u0131ms\u0131z medyay\u0131 destekleme ve medya prod\u00fcksiyon \u015firketlerinin Suriye pazar\u0131na &hellip;<\/p>\n","protected":false},"author":41,"featured_media":322275,"comment_status":"closed","ping_status":"closed","sticky":false,"template":"","format":"standard","meta":{"footnotes":""},"categories":[589,479,17988,478],"tags":[],"class_list":["post-322274","post","type-post","status-publish","format-standard","has-post-thumbnail","","category-haber-seridi","category-haberler-yerel","category-son-haberler","category-yerel"],"_links":{"self":[{"href":"https:\/\/archive.sana.sy\/tr\/index.php?rest_route=\/wp\/v2\/posts\/322274","targetHints":{"allow":["GET"]}}],"collection":[{"href":"https:\/\/archive.sana.sy\/tr\/index.php?rest_route=\/wp\/v2\/posts"}],"about":[{"href":"https:\/\/archive.sana.sy\/tr\/index.php?rest_route=\/wp\/v2\/types\/post"}],"author":[{"embeddable":true,"href":"https:\/\/archive.sana.sy\/tr\/index.php?rest_route=\/wp\/v2\/users\/41"}],"replies":[{"embeddable":true,"href":"https:\/\/archive.sana.sy\/tr\/index.php?rest_route=%2Fwp%2Fv2%2Fcomments&post=322274"}],"version-history":[{"count":1,"href":"https:\/\/archive.sana.sy\/tr\/index.php?rest_route=\/wp\/v2\/posts\/322274\/revisions"}],"predecessor-version":[{"id":322277,"href":"https:\/\/archive.sana.sy\/tr\/index.php?rest_route=\/wp\/v2\/posts\/322274\/revisions\/322277"}],"wp:featuredmedia":[{"embeddable":true,"href":"https:\/\/archive.sana.sy\/tr\/index.php?rest_route=\/wp\/v2\/media\/322275"}],"wp:attachment":[{"href":"https:\/\/archive.sana.sy\/tr\/index.php?rest_route=%2Fwp%2Fv2%2Fmedia&parent=322274"}],"wp:term":[{"taxonomy":"category","embeddable":true,"href":"https:\/\/archive.sana.sy\/tr\/index.php?rest_route=%2Fwp%2Fv2%2Fcategories&post=322274"},{"taxonomy":"post_tag","embeddable":true,"href":"https:\/\/archive.sana.sy\/tr\/index.php?rest_route=%2Fwp%2Fv2%2Ftags&post=322274"}],"curies":[{"name":"wp","href":"https:\/\/api.w.org\/{rel}","templated":true}]}}