{"id":322279,"date":"2025-06-01T09:26:32","date_gmt":"2025-06-01T06:26:32","guid":{"rendered":"https:\/\/sana.sy\/tr\/?p=322279"},"modified":"2025-06-02T15:32:49","modified_gmt":"2025-06-02T12:32:49","slug":"el-seybani-suriye-ve-suudi-arabistan-yatirim-ve-ekonomik-isbirliginin-guclu-bir-asamasina-giriyor","status":"publish","type":"post","link":"https:\/\/archive.sana.sy\/tr\/?p=322279","title":{"rendered":"El \u015eeybani: Suriye Ve Suudi Arabistan Yat\u0131r\u0131m Ve Ekonomik \u0130\u015fbirli\u011finin G\u00fc\u00e7l\u00fc Bir A\u015famas\u0131na Giriyor"},"content":{"rendered":"<p style=\"text-align: justify;\"><strong>\u015eAM (SANA)<\/strong> &#8211; D\u0131\u015fi\u015fleri ve Gurbet\u00e7iler Bakan\u0131 Asaad El \u015eeybani, Suriye ve Suudi Arabistan&#8217;\u0131n g\u00fc\u00e7l\u00fc bir ortak yat\u0131r\u0131m ve ekonomik i\u015fbirli\u011fi a\u015famas\u0131na girdi\u011fini belirterek, iki \u00fclke aras\u0131ndaki ortakl\u0131\u011f\u0131n g\u00fcc\u00fcn\u00fcn kar\u015f\u0131l\u0131kl\u0131 \u00e7\u0131karlarda, kar\u015f\u0131l\u0131kl\u0131 sayg\u0131da ve istikrarl\u0131 bir b\u00f6lge i\u00e7in ortak vizyonda yatt\u0131\u011f\u0131n\u0131 kaydetti.<\/p>\n<p style=\"text-align: justify;\"><strong><img loading=\"lazy\" decoding=\"async\" class=\"size-full wp-image-322280 alignright\" src=\"http:\/\/sana.sy\/tr\/wp-content\/uploads\/2025\/06\/1.jpg\" alt=\"\" width=\"300\" height=\"200\" \/> Suriye D\u0131\u015fi\u015fleri ve Gurbet\u00e7iler Bakan\u0131 Asaad El \u015eeybani&#8217;nin Suudi mevkida\u015f\u0131 Prens Faysal bin Ferhan ile \u015eam&#8217;da d\u00fczenledi\u011fi bas\u0131n toplant\u0131s\u0131nda yapt\u0131\u011f\u0131 a\u00e7\u0131klamalardan \u00f6nemli noktalar:<\/strong><\/p>\n<p style=\"text-align: justify;\">&#x25aa;&#xfe0f;Ekonomik egemenlik Suriye&#8217;deki \u00f6nceli\u011fimizdir ve Suudi Arabistan ile ittifak\u0131m\u0131z\u0131n g\u00fcc\u00fc ortak \u00e7\u0131karlar\u0131m\u0131zda yatmaktad\u0131r.<\/p>\n<p style=\"text-align: justify;\">&#x25aa;&#xfe0f;Suriye&#8217;nin yeniden in\u015fas\u0131 d\u0131\u015far\u0131dan de\u011fil, Suriye halk\u0131 taraf\u0131ndan dayat\u0131lacakt\u0131r ve bu alandaki t\u00fcm katk\u0131lar\u0131 memnuniyetle kar\u015f\u0131l\u0131yoruz.<\/p>\n<p style=\"text-align: justify;\">&#x25aa;&#xfe0f;\u00d6zellikle ekonomik ve enerji alanlar\u0131nda \u00e7e\u015fitli konular\u0131 ele ald\u0131k ve \u00f6zellikle yapt\u0131r\u0131mlar\u0131n kald\u0131r\u0131lmas\u0131 konusunda Suriye&#8217;nin kurtulu\u015fundan bu yana Krall\u0131\u011fa verdi\u011fi destek i\u00e7in i\u00e7tenlikle te\u015fekk\u00fcr ediyorum.<\/p>\n<p style=\"text-align: justify;\">&#x25aa;&#xfe0f;Yapt\u0131r\u0131mlar\u0131n kald\u0131r\u0131lmas\u0131 bir ba\u015flang\u0131\u00e7t\u0131r ve vatanda\u015flar\u0131na hizmet sunmak i\u00e7in \u00f6nemli ad\u0131mlar att\u0131k.<\/p>\n<p style=\"text-align: justify;\">&#x25aa;&#xfe0f;Suriye&#8217;nin yeni kimli\u011fi, Arap karde\u015fleri ve dostlar\u0131 aras\u0131nda do\u011fal yerini yeniden kazanan bir vatan temeline dayanmaktad\u0131r.<\/p>\n<p style=\"text-align: justify;\"><strong><img loading=\"lazy\" decoding=\"async\" class=\"size-full wp-image-322282 alignright\" src=\"http:\/\/sana.sy\/tr\/wp-content\/uploads\/2025\/06\/3.jpg\" alt=\"\" width=\"300\" height=\"200\" \/>Suudi D\u0131\u015fi\u015fleri Bakan\u0131 Prens Faysal bin Ferhan&#8217;\u0131n a\u00e7\u0131klamalar\u0131ndan \u00f6nemli noktalar:<\/strong><\/p>\n<p style=\"text-align: justify;\">&#x25aa;&#xfe0f; Yapt\u0131r\u0131mlar\u0131n kald\u0131r\u0131lmas\u0131 ekonominin canlanmas\u0131na yard\u0131mc\u0131 olacak ve Suriye halk\u0131n\u0131n ya\u015fam ko\u015fullar\u0131n\u0131 iyile\u015ftirerek olumlu bir etki yaratacakt\u0131r.<\/p>\n<p style=\"text-align: justify;\">&#x25aa;&#xfe0f; Yapt\u0131r\u0131mlar\u0131n kald\u0131r\u0131lmas\u0131na olan katk\u0131m\u0131z, bir karde\u015fin di\u011ferine verdi\u011fi deste\u011fi teyit ediyor ve yeni Suriye&#8217;yi ve halk\u0131n\u0131 desteklemek i\u00e7in bunu yapmaya devam edece\u011fiz.<\/p>\n<p style=\"text-align: justify;\">&#x25aa;&#xfe0f; Suriye&#8217;nin bir\u00e7ok f\u0131rsat\u0131 var ve Suriye halk\u0131 yenilik yapma, ba\u015far\u0131ya ula\u015fma ve \u00fclkelerini in\u015fa etme kapasitesine sahiptir.<\/p>\n<div id='gallery-1' class='gallery galleryid-322279 gallery-columns-1 gallery-size-full'><figure class='gallery-item'>\n\t\t\t<div class='gallery-icon landscape'>\n\t\t\t\t<a href='https:\/\/archive.sana.sy\/tr\/wp-content\/uploads\/2025\/06\/1-48.jpg'><img loading=\"lazy\" decoding=\"async\" width=\"1058\" height=\"705\" src=\"https:\/\/archive.sana.sy\/tr\/wp-content\/uploads\/2025\/06\/1-48.jpg\" class=\"attachment-full size-full\" alt=\"\" srcset=\"https:\/\/archive.sana.sy\/tr\/wp-content\/uploads\/2025\/06\/1-48.jpg 1058w, https:\/\/archive.sana.sy\/tr\/wp-content\/uploads\/2025\/06\/1-48-300x200.jpg 300w, https:\/\/archive.sana.sy\/tr\/wp-content\/uploads\/2025\/06\/1-48-1024x682.jpg 1024w, https:\/\/archive.sana.sy\/tr\/wp-content\/uploads\/2025\/06\/1-48-768x512.jpg 768w\" sizes=\"auto, (max-width: 1058px) 100vw, 1058px\" \/><\/a>\n\t\t\t<\/div><\/figure><figure class='gallery-item'>\n\t\t\t<div class='gallery-icon landscape'>\n\t\t\t\t<a href='https:\/\/archive.sana.sy\/tr\/wp-content\/uploads\/2025\/06\/2-38.jpg'><img loading=\"lazy\" decoding=\"async\" width=\"1090\" height=\"725\" src=\"https:\/\/archive.sana.sy\/tr\/wp-content\/uploads\/2025\/06\/2-38.jpg\" class=\"attachment-full size-full\" alt=\"\" srcset=\"https:\/\/archive.sana.sy\/tr\/wp-content\/uploads\/2025\/06\/2-38.jpg 1090w, https:\/\/archive.sana.sy\/tr\/wp-content\/uploads\/2025\/06\/2-38-300x200.jpg 300w, https:\/\/archive.sana.sy\/tr\/wp-content\/uploads\/2025\/06\/2-38-1024x681.jpg 1024w, https:\/\/archive.sana.sy\/tr\/wp-content\/uploads\/2025\/06\/2-38-768x511.jpg 768w, https:\/\/archive.sana.sy\/tr\/wp-content\/uploads\/2025\/06\/2-38-310x205.jpg 310w\" sizes=\"auto, (max-width: 1090px) 100vw, 1090px\" \/><\/a>\n\t\t\t<\/div><\/figure><figure class='gallery-item'>\n\t\t\t<div class='gallery-icon landscape'>\n\t\t\t\t<a href='https:\/\/archive.sana.sy\/tr\/wp-content\/uploads\/2025\/06\/3-29.jpg'><img loading=\"lazy\" decoding=\"async\" width=\"1236\" height=\"824\" src=\"https:\/\/archive.sana.sy\/tr\/wp-content\/uploads\/2025\/06\/3-29.jpg\" class=\"attachment-full size-full\" alt=\"\" srcset=\"https:\/\/archive.sana.sy\/tr\/wp-content\/uploads\/2025\/06\/3-29.jpg 1236w, https:\/\/archive.sana.sy\/tr\/wp-content\/uploads\/2025\/06\/3-29-300x200.jpg 300w, https:\/\/archive.sana.sy\/tr\/wp-content\/uploads\/2025\/06\/3-29-1024x683.jpg 1024w, https:\/\/archive.sana.sy\/tr\/wp-content\/uploads\/2025\/06\/3-29-768x512.jpg 768w\" sizes=\"auto, (max-width: 1236px) 100vw, 1236px\" \/><\/a>\n\t\t\t<\/div><\/figure><figure class='gallery-item'>\n\t\t\t<div class='gallery-icon landscape'>\n\t\t\t\t<a href='https:\/\/archive.sana.sy\/tr\/wp-content\/uploads\/2025\/06\/WSS6547-copy.jpg'><img loading=\"lazy\" decoding=\"async\" width=\"660\" height=\"440\" src=\"https:\/\/archive.sana.sy\/tr\/wp-content\/uploads\/2025\/06\/WSS6547-copy.jpg\" class=\"attachment-full size-full\" alt=\"\" srcset=\"https:\/\/archive.sana.sy\/tr\/wp-content\/uploads\/2025\/06\/WSS6547-copy.jpg 660w, https:\/\/archive.sana.sy\/tr\/wp-content\/uploads\/2025\/06\/WSS6547-copy-300x200.jpg 300w\" sizes=\"auto, (max-width: 660px) 100vw, 660px\" \/><\/a>\n\t\t\t<\/div><\/figure><figure class='gallery-item'>\n\t\t\t<div class='gallery-icon landscape'>\n\t\t\t\t<a href='https:\/\/archive.sana.sy\/tr\/wp-content\/uploads\/2025\/06\/WSS6553-copy.jpg'><img loading=\"lazy\" decoding=\"async\" width=\"660\" height=\"440\" src=\"https:\/\/archive.sana.sy\/tr\/wp-content\/uploads\/2025\/06\/WSS6553-copy.jpg\" class=\"attachment-full size-full\" alt=\"\" srcset=\"https:\/\/archive.sana.sy\/tr\/wp-content\/uploads\/2025\/06\/WSS6553-copy.jpg 660w, https:\/\/archive.sana.sy\/tr\/wp-content\/uploads\/2025\/06\/WSS6553-copy-300x200.jpg 300w\" sizes=\"auto, (max-width: 660px) 100vw, 660px\" \/><\/a>\n\t\t\t<\/div><\/figure><figure class='gallery-item'>\n\t\t\t<div class='gallery-icon landscape'>\n\t\t\t\t<a href='https:\/\/archive.sana.sy\/tr\/wp-content\/uploads\/2025\/06\/WSS6570-copy.jpg'><img loading=\"lazy\" decoding=\"async\" width=\"660\" height=\"440\" src=\"https:\/\/archive.sana.sy\/tr\/wp-content\/uploads\/2025\/06\/WSS6570-copy.jpg\" class=\"attachment-full size-full\" alt=\"\" srcset=\"https:\/\/archive.sana.sy\/tr\/wp-content\/uploads\/2025\/06\/WSS6570-copy.jpg 660w, https:\/\/archive.sana.sy\/tr\/wp-content\/uploads\/2025\/06\/WSS6570-copy-300x200.jpg 300w\" sizes=\"auto, (max-width: 660px) 100vw, 660px\" \/><\/a>\n\t\t\t<\/div><\/figure>\n\t\t<\/div>\n\n","protected":false},"excerpt":{"rendered":"<p>\u015eAM (SANA) &#8211; D\u0131\u015fi\u015fleri ve Gurbet\u00e7iler Bakan\u0131 Asaad El \u015eeybani, Suriye ve Suudi Arabistan&#8217;\u0131n g\u00fc\u00e7l\u00fc bir ortak yat\u0131r\u0131m ve ekonomik i\u015fbirli\u011fi a\u015famas\u0131na girdi\u011fini belirterek, iki \u00fclke aras\u0131ndaki ortakl\u0131\u011f\u0131n g\u00fcc\u00fcn\u00fcn kar\u015f\u0131l\u0131kl\u0131 \u00e7\u0131karlarda, kar\u015f\u0131l\u0131kl\u0131 sayg\u0131da ve istikrarl\u0131 bir b\u00f6lge i\u00e7in ortak vizyonda yatt\u0131\u011f\u0131n\u0131 kaydetti. Suriye D\u0131\u015fi\u015fleri ve Gurbet\u00e7iler Bakan\u0131 Asaad El \u015eeybani&#8217;nin Suudi mevkida\u015f\u0131 Prens Faysal bin &hellip;<\/p>\n","protected":false},"author":39,"featured_media":322289,"comment_status":"closed","ping_status":"closed","sticky":false,"template":"","format":"standard","meta":{"footnotes":""},"categories":[589,479,478],"tags":[],"class_list":["post-322279","post","type-post","status-publish","format-standard","has-post-thumbnail","","category-haber-seridi","category-haberler-yerel","category-yerel"],"_links":{"self":[{"href":"https:\/\/archive.sana.sy\/tr\/index.php?rest_route=\/wp\/v2\/posts\/322279","targetHints":{"allow":["GET"]}}],"collection":[{"href":"https:\/\/archive.sana.sy\/tr\/index.php?rest_route=\/wp\/v2\/posts"}],"about":[{"href":"https:\/\/archive.sana.sy\/tr\/index.php?rest_route=\/wp\/v2\/types\/post"}],"author":[{"embeddable":true,"href":"https:\/\/archive.sana.sy\/tr\/index.php?rest_route=\/wp\/v2\/users\/39"}],"replies":[{"embeddable":true,"href":"https:\/\/archive.sana.sy\/tr\/index.php?rest_route=%2Fwp%2Fv2%2Fcomments&post=322279"}],"version-history":[{"count":1,"href":"https:\/\/archive.sana.sy\/tr\/index.php?rest_route=\/wp\/v2\/posts\/322279\/revisions"}],"predecessor-version":[{"id":322290,"href":"https:\/\/archive.sana.sy\/tr\/index.php?rest_route=\/wp\/v2\/posts\/322279\/revisions\/322290"}],"wp:featuredmedia":[{"embeddable":true,"href":"https:\/\/archive.sana.sy\/tr\/index.php?rest_route=\/wp\/v2\/media\/322289"}],"wp:attachment":[{"href":"https:\/\/archive.sana.sy\/tr\/index.php?rest_route=%2Fwp%2Fv2%2Fmedia&parent=322279"}],"wp:term":[{"taxonomy":"category","embeddable":true,"href":"https:\/\/archive.sana.sy\/tr\/index.php?rest_route=%2Fwp%2Fv2%2Fcategories&post=322279"},{"taxonomy":"post_tag","embeddable":true,"href":"https:\/\/archive.sana.sy\/tr\/index.php?rest_route=%2Fwp%2Fv2%2Ftags&post=322279"}],"curies":[{"name":"wp","href":"https:\/\/api.w.org\/{rel}","templated":true}]}}