{"id":322291,"date":"2025-06-01T09:32:09","date_gmt":"2025-06-01T06:32:09","guid":{"rendered":"https:\/\/sana.sy\/tr\/?p=322291"},"modified":"2025-06-01T09:32:42","modified_gmt":"2025-06-01T06:32:42","slug":"disisleri-bakani-bm-kalkinma-programi-daimi-temsilcisi-ile-gorustu","status":"publish","type":"post","link":"https:\/\/archive.sana.sy\/tr\/?p=322291","title":{"rendered":"D\u0131\u015fi\u015fleri Bakan\u0131, Bm Kalk\u0131nma Program\u0131 Daimi Temsilcisi \u0130le G\u00f6r\u00fc\u015ft\u00fc"},"content":{"rendered":"<p style=\"text-align: justify;\"><strong>\u015eAM (SANA) &#8211;<\/strong> D\u0131\u015fi\u015fleri ve Gurbet\u00e7iler Bakan\u0131 Asaad El \u015eeybani, BM Kalk\u0131nma Program\u0131 (UNDP) Daimi Temsilcisi Say\u0131n Sudipto Mukherjee ile bir araya geldi.<\/p>\n<p style=\"text-align: justify;\">G\u00f6r\u00fc\u015fmede Suriye ile program aras\u0131ndaki kalk\u0131nma ve yard\u0131m alanlar\u0131ndaki i\u015f birli\u011fini art\u0131rman\u0131n yollar\u0131 ve mevcut ekonomik ve insani zorluklar \u0131\u015f\u0131\u011f\u0131nda kurtarma ve yeniden in\u015fa \u00e7abalar\u0131n\u0131 desteklemek i\u00e7in Birle\u015fmi\u015f Milletler ile ortakl\u0131\u011f\u0131 g\u00fc\u00e7lendirmenin yollar\u0131 ele al\u0131nd\u0131.<\/p>\n<div id='gallery-1' class='gallery galleryid-322291 gallery-columns-1 gallery-size-full'><figure class='gallery-item'>\n\t\t\t<div class='gallery-icon landscape'>\n\t\t\t\t<a href='https:\/\/archive.sana.sy\/tr\/wp-content\/uploads\/2025\/06\/22.jpg'><img loading=\"lazy\" decoding=\"async\" width=\"660\" height=\"370\" src=\"https:\/\/archive.sana.sy\/tr\/wp-content\/uploads\/2025\/06\/22.jpg\" class=\"attachment-full size-full\" alt=\"\" srcset=\"https:\/\/archive.sana.sy\/tr\/wp-content\/uploads\/2025\/06\/22.jpg 660w, https:\/\/archive.sana.sy\/tr\/wp-content\/uploads\/2025\/06\/22-300x168.jpg 300w\" sizes=\"auto, (max-width: 660px) 100vw, 660px\" \/><\/a>\n\t\t\t<\/div><\/figure>\n\t\t<\/div>\n\n","protected":false},"excerpt":{"rendered":"<p>\u015eAM (SANA) &#8211; D\u0131\u015fi\u015fleri ve Gurbet\u00e7iler Bakan\u0131 Asaad El \u015eeybani, BM Kalk\u0131nma Program\u0131 (UNDP) Daimi Temsilcisi Say\u0131n Sudipto Mukherjee ile bir araya geldi. G\u00f6r\u00fc\u015fmede Suriye ile program aras\u0131ndaki kalk\u0131nma ve yard\u0131m alanlar\u0131ndaki i\u015f birli\u011fini art\u0131rman\u0131n yollar\u0131 ve mevcut ekonomik ve insani zorluklar \u0131\u015f\u0131\u011f\u0131nda kurtarma ve yeniden in\u015fa \u00e7abalar\u0131n\u0131 desteklemek i\u00e7in Birle\u015fmi\u015f Milletler ile ortakl\u0131\u011f\u0131 g\u00fc\u00e7lendirmenin &hellip;<\/p>\n","protected":false},"author":39,"featured_media":322292,"comment_status":"closed","ping_status":"closed","sticky":false,"template":"","format":"standard","meta":{"footnotes":""},"categories":[589,479,17988,478],"tags":[],"class_list":["post-322291","post","type-post","status-publish","format-standard","has-post-thumbnail","","category-haber-seridi","category-haberler-yerel","category-son-haberler","category-yerel"],"_links":{"self":[{"href":"https:\/\/archive.sana.sy\/tr\/index.php?rest_route=\/wp\/v2\/posts\/322291","targetHints":{"allow":["GET"]}}],"collection":[{"href":"https:\/\/archive.sana.sy\/tr\/index.php?rest_route=\/wp\/v2\/posts"}],"about":[{"href":"https:\/\/archive.sana.sy\/tr\/index.php?rest_route=\/wp\/v2\/types\/post"}],"author":[{"embeddable":true,"href":"https:\/\/archive.sana.sy\/tr\/index.php?rest_route=\/wp\/v2\/users\/39"}],"replies":[{"embeddable":true,"href":"https:\/\/archive.sana.sy\/tr\/index.php?rest_route=%2Fwp%2Fv2%2Fcomments&post=322291"}],"version-history":[{"count":2,"href":"https:\/\/archive.sana.sy\/tr\/index.php?rest_route=\/wp\/v2\/posts\/322291\/revisions"}],"predecessor-version":[{"id":322295,"href":"https:\/\/archive.sana.sy\/tr\/index.php?rest_route=\/wp\/v2\/posts\/322291\/revisions\/322295"}],"wp:featuredmedia":[{"embeddable":true,"href":"https:\/\/archive.sana.sy\/tr\/index.php?rest_route=\/wp\/v2\/media\/322292"}],"wp:attachment":[{"href":"https:\/\/archive.sana.sy\/tr\/index.php?rest_route=%2Fwp%2Fv2%2Fmedia&parent=322291"}],"wp:term":[{"taxonomy":"category","embeddable":true,"href":"https:\/\/archive.sana.sy\/tr\/index.php?rest_route=%2Fwp%2Fv2%2Fcategories&post=322291"},{"taxonomy":"post_tag","embeddable":true,"href":"https:\/\/archive.sana.sy\/tr\/index.php?rest_route=%2Fwp%2Fv2%2Ftags&post=322291"}],"curies":[{"name":"wp","href":"https:\/\/api.w.org\/{rel}","templated":true}]}}