{"id":322296,"date":"2025-06-01T09:37:42","date_gmt":"2025-06-01T06:37:42","guid":{"rendered":"https:\/\/sana.sy\/tr\/?p=322296"},"modified":"2025-06-01T09:37:42","modified_gmt":"2025-06-01T06:37:42","slug":"bakan-el-seybani-uluslararasi-af-orgutu-heyetiyle-bir-araya-geldi","status":"publish","type":"post","link":"https:\/\/archive.sana.sy\/tr\/?p=322296","title":{"rendered":"Bakan El \u015eeybani, Uluslararas\u0131 Af \u00d6rg\u00fct\u00fc Heyetiyle Bir Araya Geldi"},"content":{"rendered":"<p><strong>\u015eAM (SANA) &#8211; <\/strong>D\u0131\u015fi\u015fleri ve Gurbet\u00e7iler Bakan\u0131 Asaad El \u015eeybani, \u00f6rg\u00fct\u00fcn Orta Do\u011fu ve Kuzey Afrika B\u00f6lge Ofisi M\u00fcd\u00fcr Yard\u0131mc\u0131s\u0131 Kristine Beckerle ba\u015fkanl\u0131\u011f\u0131ndaki Uluslararas\u0131 Af \u00d6rg\u00fct\u00fc heyetiyle \u015eam&#8217;da bir araya geldi ve bir dizi ortak konuyu g\u00f6r\u00fc\u015ft\u00fc.<\/p>\n<div id='gallery-1' class='gallery galleryid-322296 gallery-columns-1 gallery-size-full'><figure class='gallery-item'>\n\t\t\t<div class='gallery-icon landscape'>\n\t\t\t\t<a href='https:\/\/archive.sana.sy\/tr\/wp-content\/uploads\/2025\/06\/33.jpg'><img loading=\"lazy\" decoding=\"async\" width=\"660\" height=\"371\" src=\"https:\/\/archive.sana.sy\/tr\/wp-content\/uploads\/2025\/06\/33.jpg\" class=\"attachment-full size-full\" alt=\"\" srcset=\"https:\/\/archive.sana.sy\/tr\/wp-content\/uploads\/2025\/06\/33.jpg 660w, https:\/\/archive.sana.sy\/tr\/wp-content\/uploads\/2025\/06\/33-300x169.jpg 300w\" sizes=\"auto, (max-width: 660px) 100vw, 660px\" \/><\/a>\n\t\t\t<\/div><\/figure>\n\t\t<\/div>\n\n","protected":false},"excerpt":{"rendered":"<p>\u015eAM (SANA) &#8211; D\u0131\u015fi\u015fleri ve Gurbet\u00e7iler Bakan\u0131 Asaad El \u015eeybani, \u00f6rg\u00fct\u00fcn Orta Do\u011fu ve Kuzey Afrika B\u00f6lge Ofisi M\u00fcd\u00fcr Yard\u0131mc\u0131s\u0131 Kristine Beckerle ba\u015fkanl\u0131\u011f\u0131ndaki Uluslararas\u0131 Af \u00d6rg\u00fct\u00fc heyetiyle \u015eam&#8217;da bir araya geldi ve bir dizi ortak konuyu g\u00f6r\u00fc\u015ft\u00fc.<\/p>\n","protected":false},"author":39,"featured_media":322297,"comment_status":"closed","ping_status":"closed","sticky":false,"template":"","format":"standard","meta":{"footnotes":""},"categories":[589,479,17988,478],"tags":[],"class_list":["post-322296","post","type-post","status-publish","format-standard","has-post-thumbnail","","category-haber-seridi","category-haberler-yerel","category-son-haberler","category-yerel"],"_links":{"self":[{"href":"https:\/\/archive.sana.sy\/tr\/index.php?rest_route=\/wp\/v2\/posts\/322296","targetHints":{"allow":["GET"]}}],"collection":[{"href":"https:\/\/archive.sana.sy\/tr\/index.php?rest_route=\/wp\/v2\/posts"}],"about":[{"href":"https:\/\/archive.sana.sy\/tr\/index.php?rest_route=\/wp\/v2\/types\/post"}],"author":[{"embeddable":true,"href":"https:\/\/archive.sana.sy\/tr\/index.php?rest_route=\/wp\/v2\/users\/39"}],"replies":[{"embeddable":true,"href":"https:\/\/archive.sana.sy\/tr\/index.php?rest_route=%2Fwp%2Fv2%2Fcomments&post=322296"}],"version-history":[{"count":1,"href":"https:\/\/archive.sana.sy\/tr\/index.php?rest_route=\/wp\/v2\/posts\/322296\/revisions"}],"predecessor-version":[{"id":322299,"href":"https:\/\/archive.sana.sy\/tr\/index.php?rest_route=\/wp\/v2\/posts\/322296\/revisions\/322299"}],"wp:featuredmedia":[{"embeddable":true,"href":"https:\/\/archive.sana.sy\/tr\/index.php?rest_route=\/wp\/v2\/media\/322297"}],"wp:attachment":[{"href":"https:\/\/archive.sana.sy\/tr\/index.php?rest_route=%2Fwp%2Fv2%2Fmedia&parent=322296"}],"wp:term":[{"taxonomy":"category","embeddable":true,"href":"https:\/\/archive.sana.sy\/tr\/index.php?rest_route=%2Fwp%2Fv2%2Fcategories&post=322296"},{"taxonomy":"post_tag","embeddable":true,"href":"https:\/\/archive.sana.sy\/tr\/index.php?rest_route=%2Fwp%2Fv2%2Ftags&post=322296"}],"curies":[{"name":"wp","href":"https:\/\/api.w.org\/{rel}","templated":true}]}}