{"id":322300,"date":"2025-06-01T09:54:08","date_gmt":"2025-06-01T06:54:08","guid":{"rendered":"https:\/\/sana.sy\/tr\/?p=322300"},"modified":"2025-06-01T16:58:31","modified_gmt":"2025-06-01T13:58:31","slug":"halep-universitesi-rektoru-ile-italya-buyukelcisi-akademik-ve-kulturel-is-birliginin-artirilmasi-yollarini-gorustu","status":"publish","type":"post","link":"https:\/\/archive.sana.sy\/tr\/?p=322300","title":{"rendered":"Halep \u00dcniversitesi Rekt\u00f6r\u00fc \u0130le \u0130talya B\u00fcy\u00fckel\u00e7isi, Akademik Ve K\u00fclt\u00fcrel \u0130\u015f Birli\u011finin Art\u0131r\u0131lmas\u0131 Yollar\u0131n\u0131 G\u00f6r\u00fc\u015ft\u00fc"},"content":{"rendered":"<p style=\"text-align: justify;\"><strong><span style=\"color: #ff0000;\">HALEP (SANA)<\/span> \u2013<\/strong> Halep \u00dcniversitesi Rekt\u00f6r\u00fc Usame Raadun \u0130talya&#8217;n\u0131n Suriye B\u00fcy\u00fckel\u00e7isi Stefano Ravagnan ile \u00fcniversite ile \u0130talyan kurumlar\u0131 aras\u0131ndaki akademik ve k\u00fclt\u00fcrel i\u015fbirli\u011finin art\u0131r\u0131lmas\u0131 yollar\u0131n\u0131 g\u00f6r\u00fc\u015ft\u00fc.<\/p>\n<p style=\"text-align: justify;\">Halep \u00dcniversitesi&#8217;nde ger\u00e7ekle\u015fen g\u00f6r\u00fc\u015fmede, \u00fcniversite ile \u0130talyan akademik kurumlar\u0131 aras\u0131nda bilimsel ara\u015ft\u0131rma ve \u00f6\u011frenci de\u011fi\u015fimi alanlar\u0131nda ortakl\u0131klar\u0131n geli\u015ftirilmesi, her iki \u00fclkenin \u00e7\u0131karlar\u0131na hizmet eden bilimsel ve k\u00fclt\u00fcrel ortakl\u0131klar\u0131n kurulmas\u0131na katk\u0131 sa\u011flanmas\u0131 konular\u0131 ele al\u0131nd\u0131.<\/p>\n<p style=\"text-align: justify;\">\u0130talya B\u00fcy\u00fckel\u00e7isi&#8217;nin Halep \u00dcniversitesi&#8217;ne ziyareti, Suriye ile \u0130talya aras\u0131ndaki ikili ili\u015fkilerin, \u00f6zellikle e\u011fitim ve k\u00fclt\u00fcr alanlar\u0131nda g\u00fc\u00e7lendirilmesine y\u00f6nelik \u00e7abalar\u0131n bir par\u00e7as\u0131 olarak ger\u00e7ekle\u015fti.<\/p>\n<div id='gallery-1' class='gallery galleryid-322300 gallery-columns-3 gallery-size-full'><figure class='gallery-item'>\n\t\t\t<div class='gallery-icon landscape'>\n\t\t\t\t<a href='https:\/\/archive.sana.sy\/tr\/wp-content\/uploads\/2025\/06\/photo_2_2025-06-01_09-29-58.jpg'><img loading=\"lazy\" decoding=\"async\" width=\"660\" height=\"415\" src=\"https:\/\/archive.sana.sy\/tr\/wp-content\/uploads\/2025\/06\/photo_2_2025-06-01_09-29-58.jpg\" class=\"attachment-full size-full\" alt=\"\" srcset=\"https:\/\/archive.sana.sy\/tr\/wp-content\/uploads\/2025\/06\/photo_2_2025-06-01_09-29-58.jpg 660w, https:\/\/archive.sana.sy\/tr\/wp-content\/uploads\/2025\/06\/photo_2_2025-06-01_09-29-58-300x189.jpg 300w\" sizes=\"auto, (max-width: 660px) 100vw, 660px\" \/><\/a>\n\t\t\t<\/div><\/figure><figure class='gallery-item'>\n\t\t\t<div class='gallery-icon landscape'>\n\t\t\t\t<a href='https:\/\/archive.sana.sy\/tr\/wp-content\/uploads\/2025\/06\/photo_3_2025-06-01_09-29-58.jpg'><img loading=\"lazy\" decoding=\"async\" width=\"660\" height=\"440\" src=\"https:\/\/archive.sana.sy\/tr\/wp-content\/uploads\/2025\/06\/photo_3_2025-06-01_09-29-58.jpg\" class=\"attachment-full size-full\" alt=\"\" srcset=\"https:\/\/archive.sana.sy\/tr\/wp-content\/uploads\/2025\/06\/photo_3_2025-06-01_09-29-58.jpg 660w, https:\/\/archive.sana.sy\/tr\/wp-content\/uploads\/2025\/06\/photo_3_2025-06-01_09-29-58-300x200.jpg 300w\" sizes=\"auto, (max-width: 660px) 100vw, 660px\" \/><\/a>\n\t\t\t<\/div><\/figure><figure class='gallery-item'>\n\t\t\t<div class='gallery-icon landscape'>\n\t\t\t\t<a href='https:\/\/archive.sana.sy\/tr\/wp-content\/uploads\/2025\/06\/photo_4_2025-06-01_09-29-58.jpg'><img loading=\"lazy\" decoding=\"async\" width=\"660\" height=\"483\" src=\"https:\/\/archive.sana.sy\/tr\/wp-content\/uploads\/2025\/06\/photo_4_2025-06-01_09-29-58.jpg\" class=\"attachment-full size-full\" alt=\"\" srcset=\"https:\/\/archive.sana.sy\/tr\/wp-content\/uploads\/2025\/06\/photo_4_2025-06-01_09-29-58.jpg 660w, https:\/\/archive.sana.sy\/tr\/wp-content\/uploads\/2025\/06\/photo_4_2025-06-01_09-29-58-300x220.jpg 300w\" sizes=\"auto, (max-width: 660px) 100vw, 660px\" \/><\/a>\n\t\t\t<\/div><\/figure>\n\t\t<\/div>\n\n","protected":false},"excerpt":{"rendered":"<p>HALEP (SANA) \u2013 Halep \u00dcniversitesi Rekt\u00f6r\u00fc Usame Raadun \u0130talya&#8217;n\u0131n Suriye B\u00fcy\u00fckel\u00e7isi Stefano Ravagnan ile \u00fcniversite ile \u0130talyan kurumlar\u0131 aras\u0131ndaki akademik ve k\u00fclt\u00fcrel i\u015fbirli\u011finin art\u0131r\u0131lmas\u0131 yollar\u0131n\u0131 g\u00f6r\u00fc\u015ft\u00fc. Halep \u00dcniversitesi&#8217;nde ger\u00e7ekle\u015fen g\u00f6r\u00fc\u015fmede, \u00fcniversite ile \u0130talyan akademik kurumlar\u0131 aras\u0131nda bilimsel ara\u015ft\u0131rma ve \u00f6\u011frenci de\u011fi\u015fimi alanlar\u0131nda ortakl\u0131klar\u0131n geli\u015ftirilmesi, her iki \u00fclkenin \u00e7\u0131karlar\u0131na hizmet eden bilimsel ve k\u00fclt\u00fcrel ortakl\u0131klar\u0131n kurulmas\u0131na &hellip;<\/p>\n","protected":false},"author":39,"featured_media":322301,"comment_status":"closed","ping_status":"closed","sticky":false,"template":"","format":"standard","meta":{"footnotes":""},"categories":[589,479,17988,478],"tags":[],"class_list":["post-322300","post","type-post","status-publish","format-standard","has-post-thumbnail","","category-haber-seridi","category-haberler-yerel","category-son-haberler","category-yerel"],"_links":{"self":[{"href":"https:\/\/archive.sana.sy\/tr\/index.php?rest_route=\/wp\/v2\/posts\/322300","targetHints":{"allow":["GET"]}}],"collection":[{"href":"https:\/\/archive.sana.sy\/tr\/index.php?rest_route=\/wp\/v2\/posts"}],"about":[{"href":"https:\/\/archive.sana.sy\/tr\/index.php?rest_route=\/wp\/v2\/types\/post"}],"author":[{"embeddable":true,"href":"https:\/\/archive.sana.sy\/tr\/index.php?rest_route=\/wp\/v2\/users\/39"}],"replies":[{"embeddable":true,"href":"https:\/\/archive.sana.sy\/tr\/index.php?rest_route=%2Fwp%2Fv2%2Fcomments&post=322300"}],"version-history":[{"count":2,"href":"https:\/\/archive.sana.sy\/tr\/index.php?rest_route=\/wp\/v2\/posts\/322300\/revisions"}],"predecessor-version":[{"id":322387,"href":"https:\/\/archive.sana.sy\/tr\/index.php?rest_route=\/wp\/v2\/posts\/322300\/revisions\/322387"}],"wp:featuredmedia":[{"embeddable":true,"href":"https:\/\/archive.sana.sy\/tr\/index.php?rest_route=\/wp\/v2\/media\/322301"}],"wp:attachment":[{"href":"https:\/\/archive.sana.sy\/tr\/index.php?rest_route=%2Fwp%2Fv2%2Fmedia&parent=322300"}],"wp:term":[{"taxonomy":"category","embeddable":true,"href":"https:\/\/archive.sana.sy\/tr\/index.php?rest_route=%2Fwp%2Fv2%2Fcategories&post=322300"},{"taxonomy":"post_tag","embeddable":true,"href":"https:\/\/archive.sana.sy\/tr\/index.php?rest_route=%2Fwp%2Fv2%2Ftags&post=322300"}],"curies":[{"name":"wp","href":"https:\/\/api.w.org\/{rel}","templated":true}]}}