{"id":322306,"date":"2025-06-01T10:07:43","date_gmt":"2025-06-01T07:07:43","guid":{"rendered":"https:\/\/sana.sy\/tr\/?p=322306"},"modified":"2025-06-01T16:12:21","modified_gmt":"2025-06-01T13:12:21","slug":"buildex-22-yuzlerce-anlasmanin-imzalanmasi-ve-buyuk-yatirimlarin-hayata-gecirilmesiyle-sona-erdi","status":"publish","type":"post","link":"https:\/\/archive.sana.sy\/tr\/?p=322306","title":{"rendered":"Buildex 22, Y\u00fczlerce Anla\u015fman\u0131n \u0130mzalanmas\u0131 Ve B\u00fcy\u00fck Yat\u0131r\u0131mlar\u0131n Hayata Ge\u00e7irilmesiyle Sona Erdi"},"content":{"rendered":"<p style=\"text-align: justify;\"><strong><span style=\"color: #ff0000;\">\u015eAM (SANA)<\/span> \u2013<\/strong> D\u00fcn gece fuarlar Kentinde sona eren uluslararas\u0131 in\u015faat fuar\u0131 &#8220;Buildex&#8221; kapsam\u0131nda y\u00fczlerce anla\u015fma ve s\u00f6zle\u015fme imzaland\u0131, onlarca \u015firket Suriye&#8217;ye b\u00fcy\u00fck yat\u0131r\u0131mlar yapaca\u011f\u0131n\u0131 duyurdu, onlarca \u015firket \u00fclkede b\u00f6lge ofisi a\u00e7ma karar\u0131 ald\u0131.<\/p>\n<p style=\"text-align: justify;\">Fuar\u0131n organizat\u00f6r\u00fc Arap Fuar ve Konferans Grubu, SANA&#8217;ya ula\u015fan a\u00e7\u0131klamas\u0131nda, 34 \u00fclkeden 740 firman\u0131n kat\u0131ld\u0131\u011f\u0131 fuar\u0131n be\u015f g\u00fcn boyunca 100 bini a\u015fk\u0131n ziyaret\u00e7i \u00e7ekti\u011fini belirtti.<\/p>\n<p style=\"text-align: justify;\">Arap Fuar ve Konferans Grubu, a\u00e7\u0131klamas\u0131n\u0131n sonunda bu y\u0131l iki fuar daha d\u00fczenlenece\u011fini, bunlar\u0131n ilkinin Kas\u0131m ay\u0131nda Bilgi ve \u0130leti\u015fim Teknolojileri Fuar\u0131&#8217;n\u0131n (HITECH) ve Uluslararas\u0131 \u0130n\u015faat, Altyap\u0131, Belediyeler, G\u00fcvenlik ve Emniyet Sistemleri Fuar\u0131 (IMSS) gelecek Aral\u0131k ay\u0131nda d\u00fczenlenece\u011fini duyurdu.<\/p>\n","protected":false},"excerpt":{"rendered":"<p>\u015eAM (SANA) \u2013 D\u00fcn gece fuarlar Kentinde sona eren uluslararas\u0131 in\u015faat fuar\u0131 &#8220;Buildex&#8221; kapsam\u0131nda y\u00fczlerce anla\u015fma ve s\u00f6zle\u015fme imzaland\u0131, onlarca \u015firket Suriye&#8217;ye b\u00fcy\u00fck yat\u0131r\u0131mlar yapaca\u011f\u0131n\u0131 duyurdu, onlarca \u015firket \u00fclkede b\u00f6lge ofisi a\u00e7ma karar\u0131 ald\u0131. Fuar\u0131n organizat\u00f6r\u00fc Arap Fuar ve Konferans Grubu, SANA&#8217;ya ula\u015fan a\u00e7\u0131klamas\u0131nda, 34 \u00fclkeden 740 firman\u0131n kat\u0131ld\u0131\u011f\u0131 fuar\u0131n be\u015f g\u00fcn boyunca 100 bini &hellip;<\/p>\n","protected":false},"author":39,"featured_media":322307,"comment_status":"closed","ping_status":"closed","sticky":false,"template":"","format":"standard","meta":{"footnotes":""},"categories":[589,479,17988,478],"tags":[],"class_list":["post-322306","post","type-post","status-publish","format-standard","has-post-thumbnail","","category-haber-seridi","category-haberler-yerel","category-son-haberler","category-yerel"],"_links":{"self":[{"href":"https:\/\/archive.sana.sy\/tr\/index.php?rest_route=\/wp\/v2\/posts\/322306","targetHints":{"allow":["GET"]}}],"collection":[{"href":"https:\/\/archive.sana.sy\/tr\/index.php?rest_route=\/wp\/v2\/posts"}],"about":[{"href":"https:\/\/archive.sana.sy\/tr\/index.php?rest_route=\/wp\/v2\/types\/post"}],"author":[{"embeddable":true,"href":"https:\/\/archive.sana.sy\/tr\/index.php?rest_route=\/wp\/v2\/users\/39"}],"replies":[{"embeddable":true,"href":"https:\/\/archive.sana.sy\/tr\/index.php?rest_route=%2Fwp%2Fv2%2Fcomments&post=322306"}],"version-history":[{"count":3,"href":"https:\/\/archive.sana.sy\/tr\/index.php?rest_route=\/wp\/v2\/posts\/322306\/revisions"}],"predecessor-version":[{"id":322373,"href":"https:\/\/archive.sana.sy\/tr\/index.php?rest_route=\/wp\/v2\/posts\/322306\/revisions\/322373"}],"wp:featuredmedia":[{"embeddable":true,"href":"https:\/\/archive.sana.sy\/tr\/index.php?rest_route=\/wp\/v2\/media\/322307"}],"wp:attachment":[{"href":"https:\/\/archive.sana.sy\/tr\/index.php?rest_route=%2Fwp%2Fv2%2Fmedia&parent=322306"}],"wp:term":[{"taxonomy":"category","embeddable":true,"href":"https:\/\/archive.sana.sy\/tr\/index.php?rest_route=%2Fwp%2Fv2%2Fcategories&post=322306"},{"taxonomy":"post_tag","embeddable":true,"href":"https:\/\/archive.sana.sy\/tr\/index.php?rest_route=%2Fwp%2Fv2%2Ftags&post=322306"}],"curies":[{"name":"wp","href":"https:\/\/api.w.org\/{rel}","templated":true}]}}