{"id":322312,"date":"2025-06-01T12:33:05","date_gmt":"2025-06-01T09:33:05","guid":{"rendered":"https:\/\/sana.sy\/tr\/?p=322312"},"modified":"2025-06-02T15:32:25","modified_gmt":"2025-06-02T12:32:25","slug":"cumhurbaskani-el-sara-kurban-bayrami-munasebetiyle-hukumet-calisanlarina-nakdi-destek-saglayan-bir-kararname-cikardi","status":"publish","type":"post","link":"https:\/\/archive.sana.sy\/tr\/?p=322312","title":{"rendered":"Cumhurba\u015fkan\u0131 El \u015eara, Kurban Bayram\u0131 M\u00fcnasebetiyle H\u00fck\u00fcmet \u00c7al\u0131\u015fanlar\u0131na Nakdi Destek Sa\u011flayan Bir Kararname \u00c7\u0131kard\u0131"},"content":{"rendered":"<p style=\"text-align: justify;\"><strong><span style=\"color: #ff0000;\">\u015eAM (SANA)<\/span> \u2013<\/strong> Cumhurba\u015fkan\u0131 Ahmed El \u015eara, Kurban Bayram\u0131 dolay\u0131s\u0131yla devlet \u00e7al\u0131\u015fanlar\u0131na tek seferlik nakdi destek sa\u011flanmas\u0131n\u0131 sa\u011flayan bir Cumhurba\u015fkanl\u0131\u011f\u0131 kararnamesi yay\u0131nlad\u0131.<\/p>\n","protected":false},"excerpt":{"rendered":"<p>\u015eAM (SANA) \u2013 Cumhurba\u015fkan\u0131 Ahmed El \u015eara, Kurban Bayram\u0131 dolay\u0131s\u0131yla devlet \u00e7al\u0131\u015fanlar\u0131na tek seferlik nakdi destek sa\u011flanmas\u0131n\u0131 sa\u011flayan bir Cumhurba\u015fkanl\u0131\u011f\u0131 kararnamesi yay\u0131nlad\u0131.<\/p>\n","protected":false},"author":39,"featured_media":322313,"comment_status":"closed","ping_status":"closed","sticky":false,"template":"","format":"standard","meta":{"footnotes":""},"categories":[606,589,479,605,478],"tags":[],"class_list":["post-322312","post","type-post","status-publish","format-standard","has-post-thumbnail","","category-cumhurbaskani","category-haber-seridi","category-haberler-yerel","category-sayin-cumhurbaskani","category-yerel"],"_links":{"self":[{"href":"https:\/\/archive.sana.sy\/tr\/index.php?rest_route=\/wp\/v2\/posts\/322312","targetHints":{"allow":["GET"]}}],"collection":[{"href":"https:\/\/archive.sana.sy\/tr\/index.php?rest_route=\/wp\/v2\/posts"}],"about":[{"href":"https:\/\/archive.sana.sy\/tr\/index.php?rest_route=\/wp\/v2\/types\/post"}],"author":[{"embeddable":true,"href":"https:\/\/archive.sana.sy\/tr\/index.php?rest_route=\/wp\/v2\/users\/39"}],"replies":[{"embeddable":true,"href":"https:\/\/archive.sana.sy\/tr\/index.php?rest_route=%2Fwp%2Fv2%2Fcomments&post=322312"}],"version-history":[{"count":3,"href":"https:\/\/archive.sana.sy\/tr\/index.php?rest_route=\/wp\/v2\/posts\/322312\/revisions"}],"predecessor-version":[{"id":322368,"href":"https:\/\/archive.sana.sy\/tr\/index.php?rest_route=\/wp\/v2\/posts\/322312\/revisions\/322368"}],"wp:featuredmedia":[{"embeddable":true,"href":"https:\/\/archive.sana.sy\/tr\/index.php?rest_route=\/wp\/v2\/media\/322313"}],"wp:attachment":[{"href":"https:\/\/archive.sana.sy\/tr\/index.php?rest_route=%2Fwp%2Fv2%2Fmedia&parent=322312"}],"wp:term":[{"taxonomy":"category","embeddable":true,"href":"https:\/\/archive.sana.sy\/tr\/index.php?rest_route=%2Fwp%2Fv2%2Fcategories&post=322312"},{"taxonomy":"post_tag","embeddable":true,"href":"https:\/\/archive.sana.sy\/tr\/index.php?rest_route=%2Fwp%2Fv2%2Ftags&post=322312"}],"curies":[{"name":"wp","href":"https:\/\/api.w.org\/{rel}","templated":true}]}}