{"id":322316,"date":"2025-06-01T12:57:13","date_gmt":"2025-06-01T09:57:13","guid":{"rendered":"https:\/\/sana.sy\/tr\/?p=322316"},"modified":"2025-06-02T18:01:29","modified_gmt":"2025-06-02T15:01:29","slug":"cumhurbaskani-el-sara-kuveyt-emiri-seyh-mesal-el-ahmed-el-cabir-el-sabahin-nazik-daveti-uzerine-kuveyt-devletine-geldi","status":"publish","type":"post","link":"https:\/\/archive.sana.sy\/tr\/?p=322316","title":{"rendered":"Cumhurba\u015fkan\u0131 El \u015eara, Kuveyt Ba\u015fkentindeki El Beyan Saray\u0131&#8217;na Geldi"},"content":{"rendered":"<p style=\"text-align: justify;\"><strong><span style=\"color: #ff0000;\">KUVEYT (SANA)<\/span> &#8211; <\/strong>Suriye Arap Cumhuriyeti Cumhurba\u015fkan\u0131 Ahmed El \u015eara, Kuveyt ba\u015fkentindeki El Beyan Saray\u0131&#8217;na geldi.<\/p>\n<p style=\"text-align: justify;\">Karde\u015f \u00fclke Kuveyt&#8217;e yapt\u0131\u011f\u0131 ilk resmi ziyaretin ba\u015flang\u0131c\u0131nda Emir \u015eeyh Me\u015fal El Ahmed El Cabir El Sabah Hazretleri taraf\u0131ndan kabul edildi.<\/p>\n<p style=\"text-align: justify;\">Bu ziyaret, Suriye ile Kuveyt aras\u0131ndaki karde\u015flik ili\u015fkilerinin ve ikili koordinasyonun g\u00fc\u00e7lendirilmesi, iki karde\u015f halk\u0131n \u00e7\u0131karlar\u0131na hizmet edecek ve ortak Arap eylemini art\u0131racak \u015fekilde \u00e7e\u015fitli siyasi ve ekonomik alanlarda ortak i\u015fbirli\u011fi yollar\u0131n\u0131n ara\u015ft\u0131r\u0131lmas\u0131 \u00e7er\u00e7evesinde ger\u00e7ekle\u015fiyor.<\/p>\n<p style=\"text-align: justify;\">Cumhurba\u015fkan\u0131 El \u015eara, Kuveyt Uluslararas\u0131 Havaalan\u0131&#8217;na geli\u015finde Kuveyt D\u0131\u015fi\u015fleri Bakan\u0131 Abdullah Ali El Yahya taraf\u0131ndan kar\u015f\u0131land\u0131.<\/p>\n<div id='gallery-1' class='gallery galleryid-322316 gallery-columns-1 gallery-size-full'><figure class='gallery-item'>\n\t\t\t<div class='gallery-icon landscape'>\n\t\t\t\t<a href='https:\/\/archive.sana.sy\/tr\/wp-content\/uploads\/2025\/06\/photo_2025-06-01_13-16-00.jpg'><img loading=\"lazy\" decoding=\"async\" width=\"2560\" height=\"1437\" src=\"https:\/\/archive.sana.sy\/tr\/wp-content\/uploads\/2025\/06\/photo_2025-06-01_13-16-00.jpg\" class=\"attachment-full size-full\" alt=\"\" srcset=\"https:\/\/archive.sana.sy\/tr\/wp-content\/uploads\/2025\/06\/photo_2025-06-01_13-16-00.jpg 2560w, https:\/\/archive.sana.sy\/tr\/wp-content\/uploads\/2025\/06\/photo_2025-06-01_13-16-00-300x168.jpg 300w, https:\/\/archive.sana.sy\/tr\/wp-content\/uploads\/2025\/06\/photo_2025-06-01_13-16-00-1024x575.jpg 1024w, https:\/\/archive.sana.sy\/tr\/wp-content\/uploads\/2025\/06\/photo_2025-06-01_13-16-00-768x431.jpg 768w, https:\/\/archive.sana.sy\/tr\/wp-content\/uploads\/2025\/06\/photo_2025-06-01_13-16-00-1536x862.jpg 1536w, https:\/\/archive.sana.sy\/tr\/wp-content\/uploads\/2025\/06\/photo_2025-06-01_13-16-00-2048x1150.jpg 2048w\" sizes=\"auto, (max-width: 2560px) 100vw, 2560px\" \/><\/a>\n\t\t\t<\/div><\/figure><figure class='gallery-item'>\n\t\t\t<div class='gallery-icon landscape'>\n\t\t\t\t<a href='https:\/\/archive.sana.sy\/tr\/wp-content\/uploads\/2025\/06\/photo_2025-06-01_13-16-09.jpg'><img loading=\"lazy\" decoding=\"async\" width=\"2560\" height=\"1437\" src=\"https:\/\/archive.sana.sy\/tr\/wp-content\/uploads\/2025\/06\/photo_2025-06-01_13-16-09.jpg\" class=\"attachment-full size-full\" alt=\"\" srcset=\"https:\/\/archive.sana.sy\/tr\/wp-content\/uploads\/2025\/06\/photo_2025-06-01_13-16-09.jpg 2560w, https:\/\/archive.sana.sy\/tr\/wp-content\/uploads\/2025\/06\/photo_2025-06-01_13-16-09-300x168.jpg 300w, https:\/\/archive.sana.sy\/tr\/wp-content\/uploads\/2025\/06\/photo_2025-06-01_13-16-09-1024x575.jpg 1024w, https:\/\/archive.sana.sy\/tr\/wp-content\/uploads\/2025\/06\/photo_2025-06-01_13-16-09-768x431.jpg 768w, https:\/\/archive.sana.sy\/tr\/wp-content\/uploads\/2025\/06\/photo_2025-06-01_13-16-09-1536x862.jpg 1536w, https:\/\/archive.sana.sy\/tr\/wp-content\/uploads\/2025\/06\/photo_2025-06-01_13-16-09-2048x1150.jpg 2048w\" sizes=\"auto, (max-width: 2560px) 100vw, 2560px\" \/><\/a>\n\t\t\t<\/div><\/figure><figure class='gallery-item'>\n\t\t\t<div class='gallery-icon landscape'>\n\t\t\t\t<a href='https:\/\/archive.sana.sy\/tr\/wp-content\/uploads\/2025\/06\/photo_2025-06-01_13-16-11.jpg'><img loading=\"lazy\" decoding=\"async\" width=\"2560\" height=\"1437\" src=\"https:\/\/archive.sana.sy\/tr\/wp-content\/uploads\/2025\/06\/photo_2025-06-01_13-16-11.jpg\" class=\"attachment-full size-full\" alt=\"\" srcset=\"https:\/\/archive.sana.sy\/tr\/wp-content\/uploads\/2025\/06\/photo_2025-06-01_13-16-11.jpg 2560w, https:\/\/archive.sana.sy\/tr\/wp-content\/uploads\/2025\/06\/photo_2025-06-01_13-16-11-300x168.jpg 300w, https:\/\/archive.sana.sy\/tr\/wp-content\/uploads\/2025\/06\/photo_2025-06-01_13-16-11-1024x575.jpg 1024w, https:\/\/archive.sana.sy\/tr\/wp-content\/uploads\/2025\/06\/photo_2025-06-01_13-16-11-768x431.jpg 768w, https:\/\/archive.sana.sy\/tr\/wp-content\/uploads\/2025\/06\/photo_2025-06-01_13-16-11-1536x862.jpg 1536w, https:\/\/archive.sana.sy\/tr\/wp-content\/uploads\/2025\/06\/photo_2025-06-01_13-16-11-2048x1150.jpg 2048w\" sizes=\"auto, (max-width: 2560px) 100vw, 2560px\" \/><\/a>\n\t\t\t<\/div><\/figure><figure class='gallery-item'>\n\t\t\t<div class='gallery-icon landscape'>\n\t\t\t\t<a href='https:\/\/archive.sana.sy\/tr\/wp-content\/uploads\/2025\/06\/photo_2025-06-01_13-16-13.jpg'><img loading=\"lazy\" decoding=\"async\" width=\"2560\" height=\"1437\" src=\"https:\/\/archive.sana.sy\/tr\/wp-content\/uploads\/2025\/06\/photo_2025-06-01_13-16-13.jpg\" class=\"attachment-full size-full\" alt=\"\" srcset=\"https:\/\/archive.sana.sy\/tr\/wp-content\/uploads\/2025\/06\/photo_2025-06-01_13-16-13.jpg 2560w, https:\/\/archive.sana.sy\/tr\/wp-content\/uploads\/2025\/06\/photo_2025-06-01_13-16-13-300x168.jpg 300w, https:\/\/archive.sana.sy\/tr\/wp-content\/uploads\/2025\/06\/photo_2025-06-01_13-16-13-1024x575.jpg 1024w, https:\/\/archive.sana.sy\/tr\/wp-content\/uploads\/2025\/06\/photo_2025-06-01_13-16-13-768x431.jpg 768w, https:\/\/archive.sana.sy\/tr\/wp-content\/uploads\/2025\/06\/photo_2025-06-01_13-16-13-1536x862.jpg 1536w, https:\/\/archive.sana.sy\/tr\/wp-content\/uploads\/2025\/06\/photo_2025-06-01_13-16-13-2048x1150.jpg 2048w\" sizes=\"auto, (max-width: 2560px) 100vw, 2560px\" \/><\/a>\n\t\t\t<\/div><\/figure><figure class='gallery-item'>\n\t\t\t<div class='gallery-icon landscape'>\n\t\t\t\t<a href='https:\/\/archive.sana.sy\/tr\/wp-content\/uploads\/2025\/06\/photo_2025-06-01_13-16-14.jpg'><img loading=\"lazy\" decoding=\"async\" width=\"2560\" height=\"1437\" src=\"https:\/\/archive.sana.sy\/tr\/wp-content\/uploads\/2025\/06\/photo_2025-06-01_13-16-14.jpg\" class=\"attachment-full size-full\" alt=\"\" srcset=\"https:\/\/archive.sana.sy\/tr\/wp-content\/uploads\/2025\/06\/photo_2025-06-01_13-16-14.jpg 2560w, https:\/\/archive.sana.sy\/tr\/wp-content\/uploads\/2025\/06\/photo_2025-06-01_13-16-14-300x168.jpg 300w, https:\/\/archive.sana.sy\/tr\/wp-content\/uploads\/2025\/06\/photo_2025-06-01_13-16-14-1024x575.jpg 1024w, https:\/\/archive.sana.sy\/tr\/wp-content\/uploads\/2025\/06\/photo_2025-06-01_13-16-14-768x431.jpg 768w, https:\/\/archive.sana.sy\/tr\/wp-content\/uploads\/2025\/06\/photo_2025-06-01_13-16-14-1536x862.jpg 1536w, https:\/\/archive.sana.sy\/tr\/wp-content\/uploads\/2025\/06\/photo_2025-06-01_13-16-14-2048x1150.jpg 2048w\" sizes=\"auto, (max-width: 2560px) 100vw, 2560px\" \/><\/a>\n\t\t\t<\/div><\/figure>\n\t\t<\/div>\n\n<p style=\"text-align: justify;\">\n","protected":false},"excerpt":{"rendered":"<p>KUVEYT (SANA) &#8211; Suriye Arap Cumhuriyeti Cumhurba\u015fkan\u0131 Ahmed El \u015eara, Kuveyt ba\u015fkentindeki El Beyan Saray\u0131&#8217;na geldi. Karde\u015f \u00fclke Kuveyt&#8217;e yapt\u0131\u011f\u0131 ilk resmi ziyaretin ba\u015flang\u0131c\u0131nda Emir \u015eeyh Me\u015fal El Ahmed El Cabir El Sabah Hazretleri taraf\u0131ndan kabul edildi. Bu ziyaret, Suriye ile Kuveyt aras\u0131ndaki karde\u015flik ili\u015fkilerinin ve ikili koordinasyonun g\u00fc\u00e7lendirilmesi, iki karde\u015f halk\u0131n \u00e7\u0131karlar\u0131na hizmet edecek &hellip;<\/p>\n","protected":false},"author":39,"featured_media":322329,"comment_status":"closed","ping_status":"closed","sticky":false,"template":"","format":"standard","meta":{"footnotes":""},"categories":[458,589,459,17988],"tags":[],"class_list":["post-322316","post","type-post","status-publish","format-standard","has-post-thumbnail","","category-dunya1","category-haber-seridi","category-haberler-arap-uluslararasi-politika","category-son-haberler"],"_links":{"self":[{"href":"https:\/\/archive.sana.sy\/tr\/index.php?rest_route=\/wp\/v2\/posts\/322316","targetHints":{"allow":["GET"]}}],"collection":[{"href":"https:\/\/archive.sana.sy\/tr\/index.php?rest_route=\/wp\/v2\/posts"}],"about":[{"href":"https:\/\/archive.sana.sy\/tr\/index.php?rest_route=\/wp\/v2\/types\/post"}],"author":[{"embeddable":true,"href":"https:\/\/archive.sana.sy\/tr\/index.php?rest_route=\/wp\/v2\/users\/39"}],"replies":[{"embeddable":true,"href":"https:\/\/archive.sana.sy\/tr\/index.php?rest_route=%2Fwp%2Fv2%2Fcomments&post=322316"}],"version-history":[{"count":11,"href":"https:\/\/archive.sana.sy\/tr\/index.php?rest_route=\/wp\/v2\/posts\/322316\/revisions"}],"predecessor-version":[{"id":322367,"href":"https:\/\/archive.sana.sy\/tr\/index.php?rest_route=\/wp\/v2\/posts\/322316\/revisions\/322367"}],"wp:featuredmedia":[{"embeddable":true,"href":"https:\/\/archive.sana.sy\/tr\/index.php?rest_route=\/wp\/v2\/media\/322329"}],"wp:attachment":[{"href":"https:\/\/archive.sana.sy\/tr\/index.php?rest_route=%2Fwp%2Fv2%2Fmedia&parent=322316"}],"wp:term":[{"taxonomy":"category","embeddable":true,"href":"https:\/\/archive.sana.sy\/tr\/index.php?rest_route=%2Fwp%2Fv2%2Fcategories&post=322316"},{"taxonomy":"post_tag","embeddable":true,"href":"https:\/\/archive.sana.sy\/tr\/index.php?rest_route=%2Fwp%2Fv2%2Ftags&post=322316"}],"curies":[{"name":"wp","href":"https:\/\/api.w.org\/{rel}","templated":true}]}}