{"id":322322,"date":"2025-06-01T13:55:39","date_gmt":"2025-06-01T10:55:39","guid":{"rendered":"https:\/\/sana.sy\/tr\/?p=322322"},"modified":"2025-06-01T16:09:51","modified_gmt":"2025-06-01T13:09:51","slug":"icisleri-bakani-devrik-rejimin-devrilmesinden-bu-yana-250-binden-fazla-suriyeli-ulkelerine-dondu-binlercesi-daha-donmeye-hazirlaniyor","status":"publish","type":"post","link":"https:\/\/archive.sana.sy\/tr\/?p=322322","title":{"rendered":"T\u00fcrk \u0130\u00e7i\u015fleri Bakan\u0131: Devrik Rejimin Devrilmesinden Bu Yana 250 Binden Fazla Suriyeli \u00dclkelerine D\u00f6nd\u00fc, Binlercesi Daha D\u00f6nmeye Haz\u0131rlan\u0131yor"},"content":{"rendered":"<p style=\"text-align: justify;\"><strong><span style=\"color: #ff0000;\">ANKARA (SANA)<\/span> \u2013 <\/strong>T\u00fcrk \u0130\u00e7i\u015fleri Bakan\u0131 Ali Yerlikaya, eski rejimin devrilmesinden bu yana 250 bini a\u015fk\u0131n Suriyelinin \u00fclkelerine geri d\u00f6nd\u00fc\u011f\u00fcn\u00fc duyurarak, yakla\u015f\u0131k 27 bin \u00f6\u011frencinin ise \u015fu anda okula d\u00f6nmeye haz\u0131rland\u0131\u011f\u0131n\u0131, okullar\u0131n kapanmas\u0131 ve yaz tatilinin ba\u015flamas\u0131yla bu say\u0131n\u0131n daha da artaca\u011f\u0131n\u0131 belirtti.<\/p>\n<p style=\"text-align: justify;\">Zaman gazetesinin aktard\u0131\u011f\u0131na g\u00f6re, T\u00fcrkiye G\u00f6\u00e7 \u0130daresi Ba\u015fkanl\u0131\u011f\u0131&#8217;n\u0131n a\u00e7\u0131klad\u0131\u011f\u0131 son verilere g\u00f6re, T\u00fcrkiye&#8217;de ge\u00e7ici koruma sa\u011flanan Suriyelilerin say\u0131s\u0131nda, eski rejimin 2024 y\u0131l\u0131 sonlar\u0131nda devrilmesinin ard\u0131ndan h\u0131zl\u0131 bir d\u00fc\u015f\u00fc\u015f ya\u015fand\u0131.<\/p>\n<p style=\"text-align: justify;\">T\u00fcrkiye G\u00f6\u00e7 \u0130daresi Ba\u015fkanl\u0131\u011f\u0131 ayr\u0131ca, Be\u015far Esad rejiminin 8 Aral\u0131k 2024&#8217;te devrilmesiyle on binlerce m\u00fcltecinin g\u00f6n\u00fcll\u00fc olarak evlerine d\u00f6nmesinin yolunun a\u00e7\u0131ld\u0131\u011f\u0131n\u0131 a\u00e7\u0131klad\u0131.<\/p>\n<p style=\"text-align: justify;\">\n","protected":false},"excerpt":{"rendered":"<p>ANKARA (SANA) \u2013 T\u00fcrk \u0130\u00e7i\u015fleri Bakan\u0131 Ali Yerlikaya, eski rejimin devrilmesinden bu yana 250 bini a\u015fk\u0131n Suriyelinin \u00fclkelerine geri d\u00f6nd\u00fc\u011f\u00fcn\u00fc duyurarak, yakla\u015f\u0131k 27 bin \u00f6\u011frencinin ise \u015fu anda okula d\u00f6nmeye haz\u0131rland\u0131\u011f\u0131n\u0131, okullar\u0131n kapanmas\u0131 ve yaz tatilinin ba\u015flamas\u0131yla bu say\u0131n\u0131n daha da artaca\u011f\u0131n\u0131 belirtti. Zaman gazetesinin aktard\u0131\u011f\u0131na g\u00f6re, T\u00fcrkiye G\u00f6\u00e7 \u0130daresi Ba\u015fkanl\u0131\u011f\u0131&#8217;n\u0131n a\u00e7\u0131klad\u0131\u011f\u0131 son verilere g\u00f6re, &hellip;<\/p>\n","protected":false},"author":39,"featured_media":322336,"comment_status":"closed","ping_status":"closed","sticky":false,"template":"","format":"standard","meta":{"footnotes":""},"categories":[458,589,459,17988,2554,2555],"tags":[],"class_list":["post-322322","post","type-post","status-publish","format-standard","has-post-thumbnail","","category-dunya1","category-haber-seridi","category-haberler-arap-uluslararasi-politika","category-son-haberler","category-suriye-ve-dunya","category-suriye-ve-turkiye"],"_links":{"self":[{"href":"https:\/\/archive.sana.sy\/tr\/index.php?rest_route=\/wp\/v2\/posts\/322322","targetHints":{"allow":["GET"]}}],"collection":[{"href":"https:\/\/archive.sana.sy\/tr\/index.php?rest_route=\/wp\/v2\/posts"}],"about":[{"href":"https:\/\/archive.sana.sy\/tr\/index.php?rest_route=\/wp\/v2\/types\/post"}],"author":[{"embeddable":true,"href":"https:\/\/archive.sana.sy\/tr\/index.php?rest_route=\/wp\/v2\/users\/39"}],"replies":[{"embeddable":true,"href":"https:\/\/archive.sana.sy\/tr\/index.php?rest_route=%2Fwp%2Fv2%2Fcomments&post=322322"}],"version-history":[{"count":4,"href":"https:\/\/archive.sana.sy\/tr\/index.php?rest_route=\/wp\/v2\/posts\/322322\/revisions"}],"predecessor-version":[{"id":322372,"href":"https:\/\/archive.sana.sy\/tr\/index.php?rest_route=\/wp\/v2\/posts\/322322\/revisions\/322372"}],"wp:featuredmedia":[{"embeddable":true,"href":"https:\/\/archive.sana.sy\/tr\/index.php?rest_route=\/wp\/v2\/media\/322336"}],"wp:attachment":[{"href":"https:\/\/archive.sana.sy\/tr\/index.php?rest_route=%2Fwp%2Fv2%2Fmedia&parent=322322"}],"wp:term":[{"taxonomy":"category","embeddable":true,"href":"https:\/\/archive.sana.sy\/tr\/index.php?rest_route=%2Fwp%2Fv2%2Fcategories&post=322322"},{"taxonomy":"post_tag","embeddable":true,"href":"https:\/\/archive.sana.sy\/tr\/index.php?rest_route=%2Fwp%2Fv2%2Ftags&post=322322"}],"curies":[{"name":"wp","href":"https:\/\/api.w.org\/{rel}","templated":true}]}}