{"id":322339,"date":"2025-06-01T14:11:17","date_gmt":"2025-06-01T11:11:17","guid":{"rendered":"https:\/\/sana.sy\/tr\/?p=322339"},"modified":"2025-06-01T16:43:55","modified_gmt":"2025-06-01T13:43:55","slug":"cumhurbaskani-el-sara-ulusal-kamu-yonetimi-enstitusu-mezunlarinin-tasnifi-ve-dagitimi-icin-kararname-cikardi","status":"publish","type":"post","link":"https:\/\/archive.sana.sy\/tr\/?p=322339","title":{"rendered":"Cumhurba\u015fkan\u0131 El \u015eara, Ulusal Kamu Y\u00f6netimi Enstit\u00fcs\u00fc Mezunlar\u0131n\u0131n Tasnifi Ve Da\u011f\u0131t\u0131m\u0131 \u0130\u00e7in Kararname \u00c7\u0131kard\u0131"},"content":{"rendered":"<p style=\"text-align: justify;\"><strong><span style=\"color: #ff0000;\">\u015eAM (SANA)<\/span> \u2013<\/strong> Cumhurba\u015fkan\u0131 Ahmed El \u015eara, Ulusal Kamu Y\u00f6netimi Enstit\u00fcs\u00fc mezunlar\u0131n\u0131n tasnifi ve da\u011f\u0131t\u0131m\u0131 i\u00e7in Daimi Komite&#8217;nin kurulmas\u0131na ili\u015fkin (46) say\u0131l\u0131 Cumhurba\u015fkanl\u0131\u011f\u0131 Kararnamesi&#8217;ni yay\u0131nlad\u0131.<\/p>\n","protected":false},"excerpt":{"rendered":"<p>\u015eAM (SANA) \u2013 Cumhurba\u015fkan\u0131 Ahmed El \u015eara, Ulusal Kamu Y\u00f6netimi Enstit\u00fcs\u00fc mezunlar\u0131n\u0131n tasnifi ve da\u011f\u0131t\u0131m\u0131 i\u00e7in Daimi Komite&#8217;nin kurulmas\u0131na ili\u015fkin (46) say\u0131l\u0131 Cumhurba\u015fkanl\u0131\u011f\u0131 Kararnamesi&#8217;ni yay\u0131nlad\u0131.<\/p>\n","protected":false},"author":39,"featured_media":322341,"comment_status":"closed","ping_status":"closed","sticky":false,"template":"","format":"standard","meta":{"footnotes":""},"categories":[606,589,605,612],"tags":[],"class_list":["post-322339","post","type-post","status-publish","format-standard","has-post-thumbnail","","category-cumhurbaskani","category-haber-seridi","category-sayin-cumhurbaskani","category-yasama-kararnameler"],"_links":{"self":[{"href":"https:\/\/archive.sana.sy\/tr\/index.php?rest_route=\/wp\/v2\/posts\/322339","targetHints":{"allow":["GET"]}}],"collection":[{"href":"https:\/\/archive.sana.sy\/tr\/index.php?rest_route=\/wp\/v2\/posts"}],"about":[{"href":"https:\/\/archive.sana.sy\/tr\/index.php?rest_route=\/wp\/v2\/types\/post"}],"author":[{"embeddable":true,"href":"https:\/\/archive.sana.sy\/tr\/index.php?rest_route=\/wp\/v2\/users\/39"}],"replies":[{"embeddable":true,"href":"https:\/\/archive.sana.sy\/tr\/index.php?rest_route=%2Fwp%2Fv2%2Fcomments&post=322339"}],"version-history":[{"count":2,"href":"https:\/\/archive.sana.sy\/tr\/index.php?rest_route=\/wp\/v2\/posts\/322339\/revisions"}],"predecessor-version":[{"id":322370,"href":"https:\/\/archive.sana.sy\/tr\/index.php?rest_route=\/wp\/v2\/posts\/322339\/revisions\/322370"}],"wp:featuredmedia":[{"embeddable":true,"href":"https:\/\/archive.sana.sy\/tr\/index.php?rest_route=\/wp\/v2\/media\/322341"}],"wp:attachment":[{"href":"https:\/\/archive.sana.sy\/tr\/index.php?rest_route=%2Fwp%2Fv2%2Fmedia&parent=322339"}],"wp:term":[{"taxonomy":"category","embeddable":true,"href":"https:\/\/archive.sana.sy\/tr\/index.php?rest_route=%2Fwp%2Fv2%2Fcategories&post=322339"},{"taxonomy":"post_tag","embeddable":true,"href":"https:\/\/archive.sana.sy\/tr\/index.php?rest_route=%2Fwp%2Fv2%2Ftags&post=322339"}],"curies":[{"name":"wp","href":"https:\/\/api.w.org\/{rel}","templated":true}]}}