{"id":322343,"date":"2025-06-01T14:15:23","date_gmt":"2025-06-01T11:15:23","guid":{"rendered":"https:\/\/sana.sy\/tr\/?p=322343"},"modified":"2025-06-01T16:07:18","modified_gmt":"2025-06-01T13:07:18","slug":"cumhurbaskani-ahmed-el-sara-savunma-bakan-yardimcisini-atayan-bir-kararname-cikardi","status":"publish","type":"post","link":"https:\/\/archive.sana.sy\/tr\/?p=322343","title":{"rendered":"Cumhurba\u015fkan\u0131 Ahmed El \u015eara, Savunma Bakan Yard\u0131mc\u0131s\u0131n\u0131 Atayan Bir Kararname \u00c7\u0131kard\u0131"},"content":{"rendered":"<p style=\"text-align: justify;\"><strong><span style=\"color: #ff0000;\">\u015eAM (SANA)<\/span> &#8211;<\/strong> Cumhurba\u015fkan\u0131 Ahmed El \u015eara, T\u00fcmgeneral Muhammed Hayir Hasan \u015euayb&#8217;i Savunma Bakan Yard\u0131mc\u0131s\u0131 olarak atayan (47) say\u0131l\u0131 Cumhurba\u015fkanl\u0131\u011f\u0131 Kararnamesini yay\u0131nlad\u0131.<\/p>\n","protected":false},"excerpt":{"rendered":"<p>\u015eAM (SANA) &#8211; Cumhurba\u015fkan\u0131 Ahmed El \u015eara, T\u00fcmgeneral Muhammed Hayir Hasan \u015euayb&#8217;i Savunma Bakan Yard\u0131mc\u0131s\u0131 olarak atayan (47) say\u0131l\u0131 Cumhurba\u015fkanl\u0131\u011f\u0131 Kararnamesini yay\u0131nlad\u0131.<\/p>\n","protected":false},"author":39,"featured_media":322344,"comment_status":"closed","ping_status":"closed","sticky":false,"template":"","format":"standard","meta":{"footnotes":""},"categories":[606,589,479,605,17988,612,478],"tags":[],"class_list":["post-322343","post","type-post","status-publish","format-standard","has-post-thumbnail","","category-cumhurbaskani","category-haber-seridi","category-haberler-yerel","category-sayin-cumhurbaskani","category-son-haberler","category-yasama-kararnameler","category-yerel"],"_links":{"self":[{"href":"https:\/\/archive.sana.sy\/tr\/index.php?rest_route=\/wp\/v2\/posts\/322343","targetHints":{"allow":["GET"]}}],"collection":[{"href":"https:\/\/archive.sana.sy\/tr\/index.php?rest_route=\/wp\/v2\/posts"}],"about":[{"href":"https:\/\/archive.sana.sy\/tr\/index.php?rest_route=\/wp\/v2\/types\/post"}],"author":[{"embeddable":true,"href":"https:\/\/archive.sana.sy\/tr\/index.php?rest_route=\/wp\/v2\/users\/39"}],"replies":[{"embeddable":true,"href":"https:\/\/archive.sana.sy\/tr\/index.php?rest_route=%2Fwp%2Fv2%2Fcomments&post=322343"}],"version-history":[{"count":2,"href":"https:\/\/archive.sana.sy\/tr\/index.php?rest_route=\/wp\/v2\/posts\/322343\/revisions"}],"predecessor-version":[{"id":322369,"href":"https:\/\/archive.sana.sy\/tr\/index.php?rest_route=\/wp\/v2\/posts\/322343\/revisions\/322369"}],"wp:featuredmedia":[{"embeddable":true,"href":"https:\/\/archive.sana.sy\/tr\/index.php?rest_route=\/wp\/v2\/media\/322344"}],"wp:attachment":[{"href":"https:\/\/archive.sana.sy\/tr\/index.php?rest_route=%2Fwp%2Fv2%2Fmedia&parent=322343"}],"wp:term":[{"taxonomy":"category","embeddable":true,"href":"https:\/\/archive.sana.sy\/tr\/index.php?rest_route=%2Fwp%2Fv2%2Fcategories&post=322343"},{"taxonomy":"post_tag","embeddable":true,"href":"https:\/\/archive.sana.sy\/tr\/index.php?rest_route=%2Fwp%2Fv2%2Ftags&post=322343"}],"curies":[{"name":"wp","href":"https:\/\/api.w.org\/{rel}","templated":true}]}}