{"id":322354,"date":"2025-06-01T15:46:00","date_gmt":"2025-06-01T12:46:00","guid":{"rendered":"https:\/\/sana.sy\/tr\/?p=322354"},"modified":"2025-06-01T15:46:47","modified_gmt":"2025-06-01T12:46:47","slug":"ilk-flydubai-ucusu-sam-uluslararasi-havalimanina-ulasti","status":"publish","type":"post","link":"https:\/\/archive.sana.sy\/tr\/?p=322354","title":{"rendered":"\u0130lk Flydubai U\u00e7u\u015fu \u015eam Uluslararas\u0131 Havaliman\u0131&#8217;na Ula\u015ft\u0131"},"content":{"rendered":"<p style=\"text-align: justify;\"><span style=\"color: #ff0000;\"><strong>\u015eAM (SANA)<\/strong> <\/span>&#8211;\u00a0 Emirlik havayolu \u015firketi Flydubai&#8217;nin ilk u\u00e7u\u015fu, y\u0131llar s\u00fcren bir aradan sonra bug\u00fcn \u015eam Uluslararas\u0131 Havaliman\u0131&#8217;na ula\u015ft\u0131.<\/p>\n<p style=\"text-align: justify;\">Sivil Havac\u0131l\u0131k ve Hava Ta\u015f\u0131mac\u0131l\u0131\u011f\u0131 Genel Otoritesi, Telegram kanal\u0131 \u00fczerinden \u015funlar\u0131 kaydetti: \u2018\u2019Flydubai&#8217;nin b\u00f6lgesel ba\u011flant\u0131y\u0131 g\u00fc\u00e7lendirme kapsam\u0131nda Dubai&#8217;den \u015eam&#8217;a direkt u\u00e7u\u015flar ba\u015flatmaya ba\u015flad\u0131\u011f\u0131n\u0131 duyurdu. Bu yeni hizmet, ilgili otoritelerle i\u015fbirli\u011fi i\u00e7inde \u015eam Uluslararas\u0131 Havaliman\u0131&#8217;n\u0131n t\u00fcm operasyonel standartlar\u0131n\u0131 kar\u015f\u0131lad\u0131ktan sonra geliyor.\u2019\u2019<\/p>\n<p style=\"text-align: justify;\">Otorite ayr\u0131ca, Suriye&#8217;deki BAE B\u00fcy\u00fckel\u00e7isi Hasan Ahmed El \u015eehhi&#8217;nin, Suriye Sivil Havac\u0131l\u0131k Genel Otoritesi Ba\u015fkan Yard\u0131mc\u0131s\u0131 Abdul Bari El Saj&#8217;\u0131n yan\u0131 s\u0131ra resmi bir heyetle birlikte u\u00e7u\u015fu kar\u015f\u0131layanlar\u0131n ba\u015f\u0131nda geldi\u011fini kaydetti.<\/p>\n<div id='gallery-1' class='gallery galleryid-322354 gallery-columns-4 gallery-size-thumbnail'><figure class='gallery-item'>\n\t\t\t<div class='gallery-icon landscape'>\n\t\t\t\t<a href='https:\/\/archive.sana.sy\/tr\/?attachment_id=322356'><img loading=\"lazy\" decoding=\"async\" width=\"150\" height=\"150\" src=\"https:\/\/archive.sana.sy\/tr\/wp-content\/uploads\/2025\/06\/2-150x150.jpg\" class=\"attachment-thumbnail size-thumbnail\" alt=\"\" \/><\/a>\n\t\t\t<\/div><\/figure><figure class='gallery-item'>\n\t\t\t<div class='gallery-icon landscape'>\n\t\t\t\t<a href='https:\/\/archive.sana.sy\/tr\/?attachment_id=322357'><img loading=\"lazy\" decoding=\"async\" width=\"150\" height=\"150\" src=\"https:\/\/archive.sana.sy\/tr\/wp-content\/uploads\/2025\/06\/4-150x150.jpg\" class=\"attachment-thumbnail size-thumbnail\" alt=\"\" \/><\/a>\n\t\t\t<\/div><\/figure><figure class='gallery-item'>\n\t\t\t<div class='gallery-icon landscape'>\n\t\t\t\t<a href='https:\/\/archive.sana.sy\/tr\/?attachment_id=322358'><img loading=\"lazy\" decoding=\"async\" width=\"150\" height=\"150\" src=\"https:\/\/archive.sana.sy\/tr\/wp-content\/uploads\/2025\/06\/1-2-150x150.jpg\" class=\"attachment-thumbnail size-thumbnail\" alt=\"\" \/><\/a>\n\t\t\t<\/div><\/figure><figure class='gallery-item'>\n\t\t\t<div class='gallery-icon landscape'>\n\t\t\t\t<a href='https:\/\/archive.sana.sy\/tr\/?attachment_id=322359'><img loading=\"lazy\" decoding=\"async\" width=\"150\" height=\"150\" src=\"https:\/\/archive.sana.sy\/tr\/wp-content\/uploads\/2025\/06\/3-1-150x150.jpg\" class=\"attachment-thumbnail size-thumbnail\" alt=\"\" \/><\/a>\n\t\t\t<\/div><\/figure>\n\t\t<\/div>\n\n","protected":false},"excerpt":{"rendered":"<p>\u015eAM (SANA) &#8211;\u00a0 Emirlik havayolu \u015firketi Flydubai&#8217;nin ilk u\u00e7u\u015fu, y\u0131llar s\u00fcren bir aradan sonra bug\u00fcn \u015eam Uluslararas\u0131 Havaliman\u0131&#8217;na ula\u015ft\u0131. Sivil Havac\u0131l\u0131k ve Hava Ta\u015f\u0131mac\u0131l\u0131\u011f\u0131 Genel Otoritesi, Telegram kanal\u0131 \u00fczerinden \u015funlar\u0131 kaydetti: \u2018\u2019Flydubai&#8217;nin b\u00f6lgesel ba\u011flant\u0131y\u0131 g\u00fc\u00e7lendirme kapsam\u0131nda Dubai&#8217;den \u015eam&#8217;a direkt u\u00e7u\u015flar ba\u015flatmaya ba\u015flad\u0131\u011f\u0131n\u0131 duyurdu. Bu yeni hizmet, ilgili otoritelerle i\u015fbirli\u011fi i\u00e7inde \u015eam Uluslararas\u0131 Havaliman\u0131&#8217;n\u0131n t\u00fcm operasyonel &hellip;<\/p>\n","protected":false},"author":41,"featured_media":322355,"comment_status":"closed","ping_status":"closed","sticky":false,"template":"","format":"standard","meta":{"footnotes":""},"categories":[589,479,17988,478],"tags":[],"class_list":["post-322354","post","type-post","status-publish","format-standard","has-post-thumbnail","","category-haber-seridi","category-haberler-yerel","category-son-haberler","category-yerel"],"_links":{"self":[{"href":"https:\/\/archive.sana.sy\/tr\/index.php?rest_route=\/wp\/v2\/posts\/322354","targetHints":{"allow":["GET"]}}],"collection":[{"href":"https:\/\/archive.sana.sy\/tr\/index.php?rest_route=\/wp\/v2\/posts"}],"about":[{"href":"https:\/\/archive.sana.sy\/tr\/index.php?rest_route=\/wp\/v2\/types\/post"}],"author":[{"embeddable":true,"href":"https:\/\/archive.sana.sy\/tr\/index.php?rest_route=\/wp\/v2\/users\/41"}],"replies":[{"embeddable":true,"href":"https:\/\/archive.sana.sy\/tr\/index.php?rest_route=%2Fwp%2Fv2%2Fcomments&post=322354"}],"version-history":[{"count":1,"href":"https:\/\/archive.sana.sy\/tr\/index.php?rest_route=\/wp\/v2\/posts\/322354\/revisions"}],"predecessor-version":[{"id":322360,"href":"https:\/\/archive.sana.sy\/tr\/index.php?rest_route=\/wp\/v2\/posts\/322354\/revisions\/322360"}],"wp:featuredmedia":[{"embeddable":true,"href":"https:\/\/archive.sana.sy\/tr\/index.php?rest_route=\/wp\/v2\/media\/322355"}],"wp:attachment":[{"href":"https:\/\/archive.sana.sy\/tr\/index.php?rest_route=%2Fwp%2Fv2%2Fmedia&parent=322354"}],"wp:term":[{"taxonomy":"category","embeddable":true,"href":"https:\/\/archive.sana.sy\/tr\/index.php?rest_route=%2Fwp%2Fv2%2Fcategories&post=322354"},{"taxonomy":"post_tag","embeddable":true,"href":"https:\/\/archive.sana.sy\/tr\/index.php?rest_route=%2Fwp%2Fv2%2Ftags&post=322354"}],"curies":[{"name":"wp","href":"https:\/\/api.w.org\/{rel}","templated":true}]}}