{"id":322374,"date":"2025-06-01T13:24:14","date_gmt":"2025-06-01T10:24:14","guid":{"rendered":"https:\/\/sana.sy\/tr\/?p=322374"},"modified":"2025-06-01T16:26:30","modified_gmt":"2025-06-01T13:26:30","slug":"abd-disisleri-bakanligi-2012den-bu-yana-ilk-kez-samdaki-buyukelcinin-ikametgahinin-uzerine-abd-bayraginin-cekilmesi-bir-donum-noktasi","status":"publish","type":"post","link":"https:\/\/archive.sana.sy\/tr\/?p=322374","title":{"rendered":"ABD D\u0131\u015fi\u015fleri Bakanl\u0131\u011f\u0131: 2012&#8217;den Bu Yana \u0130lk Kez \u015eam&#8217;daki B\u00fcy\u00fckel\u00e7inin \u0130kametgah\u0131n\u0131n \u00dczerine ABD Bayra\u011f\u0131n\u0131n \u00c7ekilmesi &#8220;Bir D\u00f6n\u00fcm Noktas\u0131&#8221;"},"content":{"rendered":"<p style=\"text-align: justify;\"><strong><span style=\"color: #ff0000;\">VA\u015e\u0130NGTON (SANA)<\/span> &#8211;<\/strong>\u00a0 ABD D\u0131\u015fi\u015fleri Bakanl\u0131\u011f\u0131, 2012&#8217;den bu yana ilk kez ba\u015fkent \u015eam&#8217;daki b\u00fcy\u00fckel\u00e7inin ikametgah\u0131n\u0131n \u00fczerine ABD&#8217;nin Suriye \u00d6zel Temsilcisi Thomas Barrack&#8217;\u0131n huzurunda Amerikan bayra\u011f\u0131n\u0131n \u00e7ekilmesinin &#8220;bir d\u00f6n\u00fcm noktas\u0131&#8221; oldu\u011funu do\u011frulad\u0131.<\/p>\n<p style=\"text-align: justify;\">Bakanl\u0131k (X) \u00fczerinden att\u0131\u011f\u0131 tweette, \u2018\u2019Bu, &#8220;Washington&#8217;\u0131n Suriye&#8217;ye y\u00f6nelik yapt\u0131r\u0131mlar\u0131 kald\u0131rma duyurusuyla ayn\u0131 zamana denk gelen sembolik bir ad\u0131m&#8221; diyerek, &#8220;ABD-Suriye ili\u015fkilerinde yeni bir sayfa a\u00e7\u0131l\u0131yor.&#8221; ifadelerini yazd\u0131.<\/p>\n","protected":false},"excerpt":{"rendered":"<p>VA\u015e\u0130NGTON (SANA) &#8211;\u00a0 ABD D\u0131\u015fi\u015fleri Bakanl\u0131\u011f\u0131, 2012&#8217;den bu yana ilk kez ba\u015fkent \u015eam&#8217;daki b\u00fcy\u00fckel\u00e7inin ikametgah\u0131n\u0131n \u00fczerine ABD&#8217;nin Suriye \u00d6zel Temsilcisi Thomas Barrack&#8217;\u0131n huzurunda Amerikan bayra\u011f\u0131n\u0131n \u00e7ekilmesinin &#8220;bir d\u00f6n\u00fcm noktas\u0131&#8221; oldu\u011funu do\u011frulad\u0131. Bakanl\u0131k (X) \u00fczerinden att\u0131\u011f\u0131 tweette, \u2018\u2019Bu, &#8220;Washington&#8217;\u0131n Suriye&#8217;ye y\u00f6nelik yapt\u0131r\u0131mlar\u0131 kald\u0131rma duyurusuyla ayn\u0131 zamana denk gelen sembolik bir ad\u0131m&#8221; diyerek, &#8220;ABD-Suriye ili\u015fkilerinde yeni bir &hellip;<\/p>\n","protected":false},"author":41,"featured_media":322375,"comment_status":"closed","ping_status":"closed","sticky":false,"template":"","format":"standard","meta":{"footnotes":""},"categories":[458,589,459,17988],"tags":[],"class_list":["post-322374","post","type-post","status-publish","format-standard","has-post-thumbnail","","category-dunya1","category-haber-seridi","category-haberler-arap-uluslararasi-politika","category-son-haberler"],"_links":{"self":[{"href":"https:\/\/archive.sana.sy\/tr\/index.php?rest_route=\/wp\/v2\/posts\/322374","targetHints":{"allow":["GET"]}}],"collection":[{"href":"https:\/\/archive.sana.sy\/tr\/index.php?rest_route=\/wp\/v2\/posts"}],"about":[{"href":"https:\/\/archive.sana.sy\/tr\/index.php?rest_route=\/wp\/v2\/types\/post"}],"author":[{"embeddable":true,"href":"https:\/\/archive.sana.sy\/tr\/index.php?rest_route=\/wp\/v2\/users\/41"}],"replies":[{"embeddable":true,"href":"https:\/\/archive.sana.sy\/tr\/index.php?rest_route=%2Fwp%2Fv2%2Fcomments&post=322374"}],"version-history":[{"count":2,"href":"https:\/\/archive.sana.sy\/tr\/index.php?rest_route=\/wp\/v2\/posts\/322374\/revisions"}],"predecessor-version":[{"id":322377,"href":"https:\/\/archive.sana.sy\/tr\/index.php?rest_route=\/wp\/v2\/posts\/322374\/revisions\/322377"}],"wp:featuredmedia":[{"embeddable":true,"href":"https:\/\/archive.sana.sy\/tr\/index.php?rest_route=\/wp\/v2\/media\/322375"}],"wp:attachment":[{"href":"https:\/\/archive.sana.sy\/tr\/index.php?rest_route=%2Fwp%2Fv2%2Fmedia&parent=322374"}],"wp:term":[{"taxonomy":"category","embeddable":true,"href":"https:\/\/archive.sana.sy\/tr\/index.php?rest_route=%2Fwp%2Fv2%2Fcategories&post=322374"},{"taxonomy":"post_tag","embeddable":true,"href":"https:\/\/archive.sana.sy\/tr\/index.php?rest_route=%2Fwp%2Fv2%2Ftags&post=322374"}],"curies":[{"name":"wp","href":"https:\/\/api.w.org\/{rel}","templated":true}]}}