{"id":322390,"date":"2025-06-02T09:16:05","date_gmt":"2025-06-02T06:16:05","guid":{"rendered":"https:\/\/sana.sy\/tr\/?p=322390"},"modified":"2025-06-02T09:16:05","modified_gmt":"2025-06-02T06:16:05","slug":"suriye-demokratik-gucleri-sdg-ile-anlasmayi-tamamlamakla-gorevli-komite-guclerden-olusan-bir-heyetle-onemli-konularda-mutabakat-sagladi","status":"publish","type":"post","link":"https:\/\/archive.sana.sy\/tr\/?p=322390","title":{"rendered":"Suriye Demokratik G\u00fc\u00e7leri (SDG) \u0130le Anla\u015fmay\u0131 Tamamlamakla G\u00f6revli Komite, G\u00fc\u00e7lerden Olu\u015fan Bir Heyetle \u00d6nemli Konularda Mutabakat Sa\u011flad\u0131"},"content":{"rendered":"<p style=\"text-align: justify;\"><strong>\u015eAM (SANA) \u2013<\/strong> Anla\u015fmay\u0131 tamamlamakla g\u00f6revli komite ile Suriye Demokratik G\u00fc\u00e7leri heyeti aras\u0131nda resmi bir toplant\u0131 yap\u0131ld\u0131 ve bir\u00e7ok \u00f6nemli konu \u00fczerinde mutabakata var\u0131ld\u0131.<\/p>\n<p style=\"text-align: justify;\"><img loading=\"lazy\" decoding=\"async\" class=\"size-full wp-image-322392 alignright\" src=\"http:\/\/sana.sy\/tr\/wp-content\/uploads\/2025\/06\/1-3.jpg\" alt=\"\" width=\"300\" height=\"200\" \/>Suriye Demokratik G\u00fc\u00e7leri (SDG) ile anla\u015fmay\u0131 tamamlamakla g\u00f6revli komite \u00fcyesi Tu\u011fgeneral Ziyad El Ayi\u015f, SANA&#8217;ya \u015funlar\u0131 s\u00f6yledi:<\/p>\n<p style=\"text-align: justify;\">Komite ile Suriye Demokratik G\u00fc\u00e7leri heyeti aras\u0131nda bug\u00fcn (Pazar) resmi bir toplant\u0131 ger\u00e7ekle\u015ftirildi. Toplant\u0131 olumlu bir atmosferde ve sorumluluk duygusuyla ger\u00e7ekle\u015fti.<\/p>\n<p style=\"text-align: justify;\">Toplant\u0131da, en \u00f6nemlisi Cumhurba\u015fkan\u0131 Ahmed El \u015eara ile General Mazlum Abdi aras\u0131nda imzalanan 10 Mart anla\u015fmas\u0131n\u0131n uygulanmas\u0131n\u0131 takip etmek \u00fczere uzmanla\u015fm\u0131\u015f alt komitelerin olu\u015fturulmas\u0131 olmak \u00fczere birka\u00e7 \u00f6nemli konuda anla\u015fmaya var\u0131ld\u0131.<\/p>\n<p style=\"text-align: justify;\">Ayr\u0131ca s\u0131navlar ve s\u0131nav merkezleriyle ilgili \u00e7\u00f6z\u00fclmemi\u015f sorunlar\u0131n \u00e7\u00f6z\u00fclmesi, \u00f6\u011frencilerin haklar\u0131n\u0131n ve e\u011fitim s\u00fcrecinin b\u00fct\u00fcnl\u00fc\u011f\u00fcn\u00fcn sa\u011flanmas\u0131 konusunda da anla\u015fmaya var\u0131ld\u0131. Ayr\u0131ca, yerinden edilmi\u015f ki\u015filerin b\u00f6lgelerine geri d\u00f6n\u00fc\u015f\u00fcn\u00fc kolayla\u015ft\u0131rmak ve bu d\u00f6n\u00fc\u015f\u00fc engelleyen engelleri ortadan kald\u0131rmak i\u00e7in mekanizmalar g\u00f6r\u00fc\u015f\u00fcld\u00fc.<\/p>\n<p style=\"text-align: justify;\"><img loading=\"lazy\" decoding=\"async\" class=\"size-full wp-image-322393 alignright\" src=\"http:\/\/sana.sy\/tr\/wp-content\/uploads\/2025\/06\/2-1.jpg\" alt=\"\" width=\"300\" height=\"200\" \/>Halep&#8217;teki E\u015frefiye ve \u015eeyh Maksud mahalleleri \u00fczerindeki anla\u015fman\u0131n yeniden etkinle\u015ftirilmesi ve istikrar ve i\u00e7 bar\u0131\u015fa hizmet eden bir \u015fekilde ele al\u0131nmas\u0131 konusunda bir anla\u015fmaya var\u0131ld\u0131.<\/p>\n<p style=\"text-align: justify;\">\u0130ki taraf, Suriye&#8217;nin birli\u011fine ve egemenli\u011fine hizmet eden ve Suriye halk\u0131n\u0131n g\u00fcvenlik ve istikrar \u00f6zlemlerini yerine getiren yap\u0131c\u0131 diyalog ve devam eden i\u015fbirli\u011fine olan ba\u011fl\u0131l\u0131klar\u0131n\u0131 teyit ettiler. G\u00f6r\u00fc\u015fmeleri tamamlamak ve \u00fczerinde anla\u015f\u0131lanlar\u0131n uygulanmas\u0131n\u0131 takip etmek i\u00e7in yak\u0131nda ba\u015fka bir toplant\u0131 planlama konusunda da anla\u015f\u0131ld\u0131.<\/p>\n","protected":false},"excerpt":{"rendered":"<p>\u015eAM (SANA) \u2013 Anla\u015fmay\u0131 tamamlamakla g\u00f6revli komite ile Suriye Demokratik G\u00fc\u00e7leri heyeti aras\u0131nda resmi bir toplant\u0131 yap\u0131ld\u0131 ve bir\u00e7ok \u00f6nemli konu \u00fczerinde mutabakata var\u0131ld\u0131. Suriye Demokratik G\u00fc\u00e7leri (SDG) ile anla\u015fmay\u0131 tamamlamakla g\u00f6revli komite \u00fcyesi Tu\u011fgeneral Ziyad El Ayi\u015f, SANA&#8217;ya \u015funlar\u0131 s\u00f6yledi: Komite ile Suriye Demokratik G\u00fc\u00e7leri heyeti aras\u0131nda bug\u00fcn (Pazar) resmi bir toplant\u0131 ger\u00e7ekle\u015ftirildi. Toplant\u0131 &hellip;<\/p>\n","protected":false},"author":39,"featured_media":322391,"comment_status":"closed","ping_status":"closed","sticky":false,"template":"","format":"standard","meta":{"footnotes":""},"categories":[589,479,17988,478],"tags":[],"class_list":["post-322390","post","type-post","status-publish","format-standard","has-post-thumbnail","","category-haber-seridi","category-haberler-yerel","category-son-haberler","category-yerel"],"_links":{"self":[{"href":"https:\/\/archive.sana.sy\/tr\/index.php?rest_route=\/wp\/v2\/posts\/322390","targetHints":{"allow":["GET"]}}],"collection":[{"href":"https:\/\/archive.sana.sy\/tr\/index.php?rest_route=\/wp\/v2\/posts"}],"about":[{"href":"https:\/\/archive.sana.sy\/tr\/index.php?rest_route=\/wp\/v2\/types\/post"}],"author":[{"embeddable":true,"href":"https:\/\/archive.sana.sy\/tr\/index.php?rest_route=\/wp\/v2\/users\/39"}],"replies":[{"embeddable":true,"href":"https:\/\/archive.sana.sy\/tr\/index.php?rest_route=%2Fwp%2Fv2%2Fcomments&post=322390"}],"version-history":[{"count":1,"href":"https:\/\/archive.sana.sy\/tr\/index.php?rest_route=\/wp\/v2\/posts\/322390\/revisions"}],"predecessor-version":[{"id":322394,"href":"https:\/\/archive.sana.sy\/tr\/index.php?rest_route=\/wp\/v2\/posts\/322390\/revisions\/322394"}],"wp:featuredmedia":[{"embeddable":true,"href":"https:\/\/archive.sana.sy\/tr\/index.php?rest_route=\/wp\/v2\/media\/322391"}],"wp:attachment":[{"href":"https:\/\/archive.sana.sy\/tr\/index.php?rest_route=%2Fwp%2Fv2%2Fmedia&parent=322390"}],"wp:term":[{"taxonomy":"category","embeddable":true,"href":"https:\/\/archive.sana.sy\/tr\/index.php?rest_route=%2Fwp%2Fv2%2Fcategories&post=322390"},{"taxonomy":"post_tag","embeddable":true,"href":"https:\/\/archive.sana.sy\/tr\/index.php?rest_route=%2Fwp%2Fv2%2Ftags&post=322390"}],"curies":[{"name":"wp","href":"https:\/\/api.w.org\/{rel}","templated":true}]}}