{"id":322395,"date":"2025-06-02T10:45:47","date_gmt":"2025-06-02T07:45:47","guid":{"rendered":"https:\/\/sana.sy\/tr\/?p=322395"},"modified":"2025-06-02T15:25:09","modified_gmt":"2025-06-02T12:25:09","slug":"sam-menkul-kiymetler-borsasinda-islemlere-baslama-toreni-basladi","status":"publish","type":"post","link":"https:\/\/archive.sana.sy\/tr\/?p=322395","title":{"rendered":"\u015eam Menkul K\u0131ymetler Borsas\u0131&#8217;nda \u0130\u015flemlere Ba\u015flama T\u00f6reni Ba\u015flad\u0131"},"content":{"rendered":"<p style=\"text-align: justify;\"><strong><span style=\"color: #ff0000;\">\u015eAM (SANA)<\/span> \u2013 <\/strong>\u015eam Menkul K\u0131ymetler Borsas\u0131, \u00fcst d\u00fczey yetkililerin kat\u0131l\u0131m\u0131 ve ekonomi d\u00fcnyas\u0131n\u0131n \u00f6nde gelen isimleri, yat\u0131r\u0131mc\u0131lar ve t\u00fcccarlar\u0131n kat\u0131l\u0131m\u0131yla yakla\u015f\u0131k alt\u0131 ayl\u0131k bir aradan sonra bug\u00fcn i\u015flem yeniden ba\u015flatma t\u00f6renini ba\u015flatt\u0131.<\/p>\n<p style=\"text-align: justify;\">Maliye Bakan\u0131 Dr. Muhammed Yusur Berniye: &#8220;\u015eam Borsas\u0131&#8217;n\u0131n yeniden a\u00e7\u0131lmas\u0131, Suriye ekonomisinin toparlanmaya ba\u015flad\u0131\u011f\u0131na dair bir mesajd\u0131r&#8221; dedi.<\/p>\n<p style=\"text-align: justify;\">Bakan Berniye ayr\u0131ca: &#8220;\u015eam Borsas\u0131 \u00f6zel bir \u015firket olacak ve Suriye ekonomisinin geli\u015fmesi i\u00e7in ger\u00e7ek bir merkez olacak ve Dijital geli\u015fmelere ayak uydurmak i\u00e7in \u00e7al\u0131\u015faca\u011f\u0131z&#8221; diye ekledi.<\/p>\n<p style=\"text-align: justify;\">Bakan Berniye: &#8220;Ekonomik vizyonumuz adalete, hakkaniyete, \u00f6zel sekt\u00f6r liderli\u011fine ve yat\u0131r\u0131m \u00e7ekmeye dayanmaktad\u0131r, \u00c7al\u0131\u015fmalar\u0131 kolayla\u015ft\u0131rmak i\u00e7in \u00e7al\u0131\u015faca\u011f\u0131z, gelecek vaat eden yat\u0131r\u0131m f\u0131rsatlar\u0131 var&#8221; dedi.<\/p>\n<p style=\"text-align: justify;\">\u015eam Menkul K\u0131ymetler Borsas\u0131 Genel M\u00fcd\u00fcr\u00fc Dr. Basil Asaad: &#8220;\u015eam Borsas\u0131&#8217;n\u0131n a\u00e7\u0131l\u0131\u015f\u0131 Suriye i\u00e7in tarihi ve \u00f6nemli bir g\u00fcn ve \u00f6n\u00fcm\u00fczdeki d\u00f6nemde yeni Suriye&#8217;de yat\u0131r\u0131mlar\u0131n daha b\u00fcy\u00fck ve daha yayg\u0131n olaca\u011f\u0131 bir d\u00f6nemde geri d\u00f6n\u00fcp rol\u00fcm\u00fcz\u00fc oynamaya haz\u0131r\u0131z&#8221; dedi.<\/p>\n<p style=\"text-align: justify;\">\u015eam Menkul K\u0131ymetler Borsas\u0131 M\u00f6d\u00fcr\u00fc: &#8220;S\u0131n\u0131rl\u0131 kaynaklara ra\u011fmen, \u015feffafl\u0131kla g\u00f6revimizi yerine getirebildik ve yat\u0131r\u0131mc\u0131 sahipli\u011fini koruyabildik ve gelecekteki geli\u015fmelere ayak uydurabilece\u011fiz&#8221; diye belirtti.<\/p>\n<p style=\"text-align: justify;\">Suriye Menkul K\u0131ymetler ve Piyasalar Komisyonu Y\u00f6netim Kurulu Ba\u015fkan\u0131 Dr. Abdulrezzak El Kas\u0131m: &#8220;\u015eam Menkul K\u0131ymetler Borsas\u0131&#8217;nda i\u015flemlerin yeniden ba\u015flamas\u0131, Suriye menkul k\u0131ymetler ve finans piyasalar\u0131 sekt\u00f6r\u00fcn\u00fcn tarihinde yeni bir sayfa a\u00e7\u0131yor&#8221; dedi.<\/p>\n<p style=\"text-align: justify;\">El Kas\u0131m: &#8220;Yapt\u0131r\u0131mlar\u0131n kald\u0131r\u0131lmas\u0131 ve Arap ve uluslararas\u0131 yat\u0131r\u0131ma a\u00e7\u0131lman\u0131n ard\u0131ndan yeni Suriye, yat\u0131r\u0131m f\u0131rsatlar\u0131 i\u00e7in verimli bir zemin olacak. \u00dclkemizin gelece\u011fe y\u00f6nelik potansiyeline ve kabiliyetlerine uygun iddial\u0131 bir vizyon geli\u015ftirdik&#8221; diye vurgulad\u0131.<\/p>\n<p style=\"text-align: justify;\">\u015eam Menkul K\u0131ymetler Borsas\u0131 Y\u00f6netim Kurulu Ba\u015fkan\u0131 Say\u0131n Fadi Cilaylati: &#8220;Bug\u00fcn ekonomik tarihimizde yeni bir a\u015faman\u0131n e\u015fi\u011findeyiz. Suriye&#8217;nin b\u00f6lge \u00fclkeleri aras\u0131nda \u00f6nde gelen finans ve ticaret merkezi olma konumunu yeniden tesis edecek parlak bir ekonomiye do\u011fru yeni bir ba\u015flang\u0131c\u0131n e\u015fi\u011findeyiz&#8221; dedi.<\/p>\n<p style=\"text-align: justify;\">Cilaylati: &#8220;\u015eam Borsas\u0131 sadece hisse senedi ve tahvil ticaretinin yap\u0131laca\u011f\u0131 bir platform olmayacak, ayn\u0131 zamanda yeniden yap\u0131lanma, ekonomik b\u00fcy\u00fcme, yerel ve uluslararas\u0131 yat\u0131r\u0131mlar\u0131n \u00e7ekilmesinde de aktif rol oynayacak. Ayr\u0131ca ulusal para biriminin istikrar\u0131na ve Suriye ekonomisinin k\u00fcresel ekonomilerle ba\u011flant\u0131lanmas\u0131na da katk\u0131 sa\u011flayacakt\u0131r&#8221; ded.<\/p>\n<div id='gallery-1' class='gallery galleryid-322395 gallery-columns-3 gallery-size-full'><figure class='gallery-item'>\n\t\t\t<div class='gallery-icon landscape'>\n\t\t\t\t<a href='https:\/\/archive.sana.sy\/tr\/wp-content\/uploads\/2025\/06\/photo_1_2025-06-02_09-47-29.jpg'><img loading=\"lazy\" decoding=\"async\" width=\"660\" height=\"495\" src=\"https:\/\/archive.sana.sy\/tr\/wp-content\/uploads\/2025\/06\/photo_1_2025-06-02_09-47-29.jpg\" class=\"attachment-full size-full\" alt=\"\" srcset=\"https:\/\/archive.sana.sy\/tr\/wp-content\/uploads\/2025\/06\/photo_1_2025-06-02_09-47-29.jpg 660w, https:\/\/archive.sana.sy\/tr\/wp-content\/uploads\/2025\/06\/photo_1_2025-06-02_09-47-29-300x225.jpg 300w\" sizes=\"auto, (max-width: 660px) 100vw, 660px\" \/><\/a>\n\t\t\t<\/div><\/figure><figure class='gallery-item'>\n\t\t\t<div class='gallery-icon landscape'>\n\t\t\t\t<a href='https:\/\/archive.sana.sy\/tr\/wp-content\/uploads\/2025\/06\/photo_2_2025-06-02_09-47-29.jpg'><img loading=\"lazy\" decoding=\"async\" width=\"660\" height=\"506\" src=\"https:\/\/archive.sana.sy\/tr\/wp-content\/uploads\/2025\/06\/photo_2_2025-06-02_09-47-29.jpg\" class=\"attachment-full size-full\" alt=\"\" srcset=\"https:\/\/archive.sana.sy\/tr\/wp-content\/uploads\/2025\/06\/photo_2_2025-06-02_09-47-29.jpg 660w, https:\/\/archive.sana.sy\/tr\/wp-content\/uploads\/2025\/06\/photo_2_2025-06-02_09-47-29-300x230.jpg 300w\" sizes=\"auto, (max-width: 660px) 100vw, 660px\" \/><\/a>\n\t\t\t<\/div><\/figure><figure class='gallery-item'>\n\t\t\t<div class='gallery-icon landscape'>\n\t\t\t\t<a href='https:\/\/archive.sana.sy\/tr\/wp-content\/uploads\/2025\/06\/photo_5_2025-06-02_09-47-29.jpg'><img loading=\"lazy\" decoding=\"async\" width=\"660\" height=\"495\" src=\"https:\/\/archive.sana.sy\/tr\/wp-content\/uploads\/2025\/06\/photo_5_2025-06-02_09-47-29.jpg\" class=\"attachment-full size-full\" alt=\"\" srcset=\"https:\/\/archive.sana.sy\/tr\/wp-content\/uploads\/2025\/06\/photo_5_2025-06-02_09-47-29.jpg 660w, https:\/\/archive.sana.sy\/tr\/wp-content\/uploads\/2025\/06\/photo_5_2025-06-02_09-47-29-300x225.jpg 300w\" sizes=\"auto, (max-width: 660px) 100vw, 660px\" \/><\/a>\n\t\t\t<\/div><\/figure>\n\t\t<\/div>\n\n","protected":false},"excerpt":{"rendered":"<p>\u015eAM (SANA) \u2013 \u015eam Menkul K\u0131ymetler Borsas\u0131, \u00fcst d\u00fczey yetkililerin kat\u0131l\u0131m\u0131 ve ekonomi d\u00fcnyas\u0131n\u0131n \u00f6nde gelen isimleri, yat\u0131r\u0131mc\u0131lar ve t\u00fcccarlar\u0131n kat\u0131l\u0131m\u0131yla yakla\u015f\u0131k alt\u0131 ayl\u0131k bir aradan sonra bug\u00fcn i\u015flem yeniden ba\u015flatma t\u00f6renini ba\u015flatt\u0131. Maliye Bakan\u0131 Dr. Muhammed Yusur Berniye: &#8220;\u015eam Borsas\u0131&#8217;n\u0131n yeniden a\u00e7\u0131lmas\u0131, Suriye ekonomisinin toparlanmaya ba\u015flad\u0131\u011f\u0131na dair bir mesajd\u0131r&#8221; dedi. Bakan Berniye ayr\u0131ca: &#8220;\u015eam &hellip;<\/p>\n","protected":false},"author":36,"featured_media":322399,"comment_status":"closed","ping_status":"closed","sticky":false,"template":"","format":"standard","meta":{"footnotes":""},"categories":[479,478],"tags":[],"class_list":["post-322395","post","type-post","status-publish","format-standard","has-post-thumbnail","","category-haberler-yerel","category-yerel"],"_links":{"self":[{"href":"https:\/\/archive.sana.sy\/tr\/index.php?rest_route=\/wp\/v2\/posts\/322395","targetHints":{"allow":["GET"]}}],"collection":[{"href":"https:\/\/archive.sana.sy\/tr\/index.php?rest_route=\/wp\/v2\/posts"}],"about":[{"href":"https:\/\/archive.sana.sy\/tr\/index.php?rest_route=\/wp\/v2\/types\/post"}],"author":[{"embeddable":true,"href":"https:\/\/archive.sana.sy\/tr\/index.php?rest_route=\/wp\/v2\/users\/36"}],"replies":[{"embeddable":true,"href":"https:\/\/archive.sana.sy\/tr\/index.php?rest_route=%2Fwp%2Fv2%2Fcomments&post=322395"}],"version-history":[{"count":2,"href":"https:\/\/archive.sana.sy\/tr\/index.php?rest_route=\/wp\/v2\/posts\/322395\/revisions"}],"predecessor-version":[{"id":322427,"href":"https:\/\/archive.sana.sy\/tr\/index.php?rest_route=\/wp\/v2\/posts\/322395\/revisions\/322427"}],"wp:featuredmedia":[{"embeddable":true,"href":"https:\/\/archive.sana.sy\/tr\/index.php?rest_route=\/wp\/v2\/media\/322399"}],"wp:attachment":[{"href":"https:\/\/archive.sana.sy\/tr\/index.php?rest_route=%2Fwp%2Fv2%2Fmedia&parent=322395"}],"wp:term":[{"taxonomy":"category","embeddable":true,"href":"https:\/\/archive.sana.sy\/tr\/index.php?rest_route=%2Fwp%2Fv2%2Fcategories&post=322395"},{"taxonomy":"post_tag","embeddable":true,"href":"https:\/\/archive.sana.sy\/tr\/index.php?rest_route=%2Fwp%2Fv2%2Ftags&post=322395"}],"curies":[{"name":"wp","href":"https:\/\/api.w.org\/{rel}","templated":true}]}}