{"id":3224,"date":"2014-06-16T10:20:12","date_gmt":"2014-06-16T07:20:12","guid":{"rendered":"http:\/\/sanasyria.org\/tr\/?p=3224"},"modified":"2014-06-19T12:57:26","modified_gmt":"2014-06-19T09:57:26","slug":"derada-gecici-ikamet-merkezini-hedef-aldilar","status":"publish","type":"post","link":"https:\/\/archive.sana.sy\/tr\/?p=3224","title":{"rendered":"Dera\u2019da Ge\u00e7ici \u0130kamet Merkezini Hedef Ald\u0131lar"},"content":{"rendered":"<p><span style=\"color: #800000\">\u0130LLER \u2013<\/span> Tekfirci ve kiral\u0131k ter\u00f6r \u00e7etelerinin muhtelif b\u00f6lgelerde sivil yerle\u015fim alanlar\u0131na gaddar sald\u0131r\u0131lar\u0131 devam ederken bug\u00fcn bu sald\u0131r\u0131larda kimi vatanda\u015flar \u015fehit ve yaral\u0131 d\u00fc\u015ft\u00fc.<\/p>\n<p>\u0130dlib Valili\u011finde yetkili bir kaynak ter\u00f6r \u00e7etelerinin \u0130dlib k\u0131rsal\u0131na tabi Cisr el \u015eu\u011fur Kasabas\u0131 ve \u0130\u015ftabrak Beldesini havan mermileriyle sald\u0131rmalar\u0131 neticesinde kimi vatanda\u015flar\u0131n \u015fehit ve yaral\u0131 d\u00fc\u015ft\u00fcklerini belirtti.<\/p>\n<p>Ter\u00f6ristlerin Dera Kentinin el Ka\u015fif Semtinde ter\u00f6r ma\u011fduru ailelerin ikamet ettikleri bir merkezi havan mermileriyle hedef ald\u0131klar\u0131n\u0131 belirtirken, gaddar sald\u0131r\u0131lar neticesinde 16 ya\u015f\u0131nda gen\u00e7 bir k\u0131z\u0131n \u015fehit, aralar\u0131nda \u00e7ocuk ve kad\u0131nlar\u0131n bulundu\u011fu 6 vatanda\u015f\u0131n da yaral\u0131 d\u00fc\u015ft\u00fcklerini aktard\u0131.<\/p>\n","protected":false},"excerpt":{"rendered":"<p>\u0130LLER \u2013 Tekfirci ve kiral\u0131k ter\u00f6r \u00e7etelerinin muhtelif b\u00f6lgelerde sivil yerle\u015fim alanlar\u0131na gaddar sald\u0131r\u0131lar\u0131 devam ederken bug\u00fcn bu sald\u0131r\u0131larda kimi vatanda\u015flar \u015fehit ve yaral\u0131 d\u00fc\u015ft\u00fc. \u0130dlib Valili\u011finde yetkili bir kaynak ter\u00f6r \u00e7etelerinin \u0130dlib k\u0131rsal\u0131na tabi Cisr el \u015eu\u011fur Kasabas\u0131 ve \u0130\u015ftabrak Beldesini havan mermileriyle sald\u0131rmalar\u0131 neticesinde kimi vatanda\u015flar\u0131n \u015fehit ve yaral\u0131 d\u00fc\u015ft\u00fcklerini belirtti. Ter\u00f6ristlerin Dera &hellip;<\/p>\n","protected":false},"author":1,"featured_media":3225,"comment_status":"closed","ping_status":"closed","sticky":false,"template":"","format":"standard","meta":{"footnotes":""},"categories":[479,575,478],"tags":[709],"class_list":["post-3224","post","type-post","status-publish","format-standard","has-post-thumbnail","","category-haberler-yerel","category-olaylar-ve-gercekler","category-yerel","tag-derada-gecici-ikamet-merkezini-hedef-aldilar"],"_links":{"self":[{"href":"https:\/\/archive.sana.sy\/tr\/index.php?rest_route=\/wp\/v2\/posts\/3224","targetHints":{"allow":["GET"]}}],"collection":[{"href":"https:\/\/archive.sana.sy\/tr\/index.php?rest_route=\/wp\/v2\/posts"}],"about":[{"href":"https:\/\/archive.sana.sy\/tr\/index.php?rest_route=\/wp\/v2\/types\/post"}],"author":[{"embeddable":true,"href":"https:\/\/archive.sana.sy\/tr\/index.php?rest_route=\/wp\/v2\/users\/1"}],"replies":[{"embeddable":true,"href":"https:\/\/archive.sana.sy\/tr\/index.php?rest_route=%2Fwp%2Fv2%2Fcomments&post=3224"}],"version-history":[{"count":0,"href":"https:\/\/archive.sana.sy\/tr\/index.php?rest_route=\/wp\/v2\/posts\/3224\/revisions"}],"wp:featuredmedia":[{"embeddable":true,"href":"https:\/\/archive.sana.sy\/tr\/index.php?rest_route=\/wp\/v2\/media\/3225"}],"wp:attachment":[{"href":"https:\/\/archive.sana.sy\/tr\/index.php?rest_route=%2Fwp%2Fv2%2Fmedia&parent=3224"}],"wp:term":[{"taxonomy":"category","embeddable":true,"href":"https:\/\/archive.sana.sy\/tr\/index.php?rest_route=%2Fwp%2Fv2%2Fcategories&post=3224"},{"taxonomy":"post_tag","embeddable":true,"href":"https:\/\/archive.sana.sy\/tr\/index.php?rest_route=%2Fwp%2Fv2%2Ftags&post=3224"}],"curies":[{"name":"wp","href":"https:\/\/api.w.org\/{rel}","templated":true}]}}