{"id":322401,"date":"2025-06-02T10:56:24","date_gmt":"2025-06-02T07:56:24","guid":{"rendered":"https:\/\/sana.sy\/tr\/?p=322401"},"modified":"2025-06-02T15:25:43","modified_gmt":"2025-06-02T12:25:43","slug":"suriye-katar-acil-mudahalede-isbirligi-ve-teknik-ve-insani-kapasite-insasi-konusunda-gorustu","status":"publish","type":"post","link":"https:\/\/archive.sana.sy\/tr\/?p=322401","title":{"rendered":"Suriye-Katar Acil M\u00fcdahalede \u0130\u015fbirli\u011fi ve Teknik ve \u0130nsani Kapasite \u0130n\u015fas\u0131 Konusunu G\u00f6r\u00fc\u015ft\u00fc"},"content":{"rendered":"<p style=\"text-align: justify;\"><strong><span style=\"color: #ff0000;\">\u015eAM (SANA)<\/span> \u2013<\/strong> Acil Durum ve Afet Y\u00f6netimi Bakan\u0131 Raed El Salih, Katar&#8217;\u0131n \u015eam B\u00fcy\u00fckel\u00e7isi Halife Abdullah Al Mahmud El \u015eerif ile acil m\u00fcdahale ve teknik ve insani kapasite geli\u015ftirme alanlar\u0131nda ortak i\u015fbirli\u011fi imk\u00e2nlar\u0131n\u0131 g\u00f6r\u00fc\u015ft\u00fc.<\/p>\n<p style=\"text-align: justify;\">Taraflar, limanlar, havaalanlar\u0131 ve petrol tesislerindeki yeni operasyonel ba\u011flamlarda kapasite olu\u015fturmaya odaklanarak Suriye Sivil Savunma ekiplerine y\u00f6nelik ileri e\u011fitim programlar\u0131n\u0131n desteklenmesinin, haz\u0131rl\u0131klar\u0131n\u0131 art\u0131rman\u0131n ve karma\u015f\u0131k senaryolarla ba\u015fa \u00e7\u0131kmalar\u0131n\u0131 sa\u011flaman\u0131n \u00f6nemini vurgulad\u0131lar.<\/p>\n<p style=\"text-align: justify;\"><img loading=\"lazy\" decoding=\"async\" class=\"size-medium wp-image-322403 alignright\" src=\"http:\/\/sana.sy\/tr\/wp-content\/uploads\/2025\/06\/1-4-300x198.jpg\" alt=\"\" width=\"300\" height=\"198\" srcset=\"https:\/\/archive.sana.sy\/tr\/wp-content\/uploads\/2025\/06\/1-4-300x198.jpg 300w, https:\/\/archive.sana.sy\/tr\/wp-content\/uploads\/2025\/06\/1-4-310x205.jpg 310w, https:\/\/archive.sana.sy\/tr\/wp-content\/uploads\/2025\/06\/1-4.jpg 700w\" sizes=\"auto, (max-width: 300px) 100vw, 300px\" \/>Toplant\u0131da, Katar Uluslararas\u0131 Arama Kurtarma Grubu ile \u0130\u00e7 G\u00fcvenlik G\u00fcc\u00fc&#8217;n\u00fcn &#8220;Khawya&#8221;, m\u00fcdahale noktalar\u0131nda Suriye Sivil Savunma ekipleriyle yan yana \u00e7al\u0131\u015farak uzmanl\u0131k al\u0131\u015fveri\u015finde bulunmak ve uzmanla\u015fm\u0131\u015f \u00e7al\u0131\u015fmalar geli\u015ftirmek amac\u0131yla uluslararas\u0131 d\u00fczeyde ortak saha operasyonlar\u0131 y\u00fcr\u00fctme olas\u0131l\u0131\u011f\u0131 ele al\u0131nd\u0131.<\/p>\n<p style=\"text-align: justify;\">Bakan El Salih, bakanl\u0131\u011f\u0131n \u00e7al\u0131\u015fmalar\u0131nda teknik ekipman ve a\u011f\u0131r makine eksikli\u011finden kaynaklanan saha zorluklar\u0131na i\u015faret etti.<\/p>\n<p style=\"text-align: justify;\">Katar B\u00fcy\u00fckel\u00e7isi ise \u00fclkesinin, \u00e7e\u015fitli ko\u015fullar alt\u0131nda etkili ve verimli m\u00fcdahaleleri garanti alt\u0131na almak i\u00e7in s\u00fcrd\u00fcr\u00fclebilir \u00e7\u00f6z\u00fcmler geli\u015ftirmenin \u00f6nemine i\u015faret ederek, m\u00fcdahale planlar\u0131nda bakanl\u0131\u011f\u0131n kabiliyetlerini art\u0131rmaya ve destek sa\u011flamaya haz\u0131r oldu\u011funu vurgulad\u0131.<\/p>\n","protected":false},"excerpt":{"rendered":"<p>\u015eAM (SANA) \u2013 Acil Durum ve Afet Y\u00f6netimi Bakan\u0131 Raed El Salih, Katar&#8217;\u0131n \u015eam B\u00fcy\u00fckel\u00e7isi Halife Abdullah Al Mahmud El \u015eerif ile acil m\u00fcdahale ve teknik ve insani kapasite geli\u015ftirme alanlar\u0131nda ortak i\u015fbirli\u011fi imk\u00e2nlar\u0131n\u0131 g\u00f6r\u00fc\u015ft\u00fc. Taraflar, limanlar, havaalanlar\u0131 ve petrol tesislerindeki yeni operasyonel ba\u011flamlarda kapasite olu\u015fturmaya odaklanarak Suriye Sivil Savunma ekiplerine y\u00f6nelik ileri e\u011fitim programlar\u0131n\u0131n &hellip;<\/p>\n","protected":false},"author":36,"featured_media":322402,"comment_status":"closed","ping_status":"closed","sticky":false,"template":"","format":"standard","meta":{"footnotes":""},"categories":[589,479,17988,478],"tags":[],"class_list":["post-322401","post","type-post","status-publish","format-standard","has-post-thumbnail","","category-haber-seridi","category-haberler-yerel","category-son-haberler","category-yerel"],"_links":{"self":[{"href":"https:\/\/archive.sana.sy\/tr\/index.php?rest_route=\/wp\/v2\/posts\/322401","targetHints":{"allow":["GET"]}}],"collection":[{"href":"https:\/\/archive.sana.sy\/tr\/index.php?rest_route=\/wp\/v2\/posts"}],"about":[{"href":"https:\/\/archive.sana.sy\/tr\/index.php?rest_route=\/wp\/v2\/types\/post"}],"author":[{"embeddable":true,"href":"https:\/\/archive.sana.sy\/tr\/index.php?rest_route=\/wp\/v2\/users\/36"}],"replies":[{"embeddable":true,"href":"https:\/\/archive.sana.sy\/tr\/index.php?rest_route=%2Fwp%2Fv2%2Fcomments&post=322401"}],"version-history":[{"count":4,"href":"https:\/\/archive.sana.sy\/tr\/index.php?rest_route=\/wp\/v2\/posts\/322401\/revisions"}],"predecessor-version":[{"id":322428,"href":"https:\/\/archive.sana.sy\/tr\/index.php?rest_route=\/wp\/v2\/posts\/322401\/revisions\/322428"}],"wp:featuredmedia":[{"embeddable":true,"href":"https:\/\/archive.sana.sy\/tr\/index.php?rest_route=\/wp\/v2\/media\/322402"}],"wp:attachment":[{"href":"https:\/\/archive.sana.sy\/tr\/index.php?rest_route=%2Fwp%2Fv2%2Fmedia&parent=322401"}],"wp:term":[{"taxonomy":"category","embeddable":true,"href":"https:\/\/archive.sana.sy\/tr\/index.php?rest_route=%2Fwp%2Fv2%2Fcategories&post=322401"},{"taxonomy":"post_tag","embeddable":true,"href":"https:\/\/archive.sana.sy\/tr\/index.php?rest_route=%2Fwp%2Fv2%2Ftags&post=322401"}],"curies":[{"name":"wp","href":"https:\/\/api.w.org\/{rel}","templated":true}]}}