{"id":322405,"date":"2025-06-02T12:04:12","date_gmt":"2025-06-02T09:04:12","guid":{"rendered":"https:\/\/sana.sy\/tr\/?p=322405"},"modified":"2025-06-02T15:22:24","modified_gmt":"2025-06-02T12:22:24","slug":"sam-polis-koleji-turist-polisi-biriminin-ilk-grup-ogrencisi-mezun-oldu","status":"publish","type":"post","link":"https:\/\/archive.sana.sy\/tr\/?p=322405","title":{"rendered":"Turist Polisi Birimi&#8217;nin \u0130lk Grup \u00d6\u011frencisi Mezun Edildi"},"content":{"rendered":"<p style=\"text-align: justify;\"><strong><span style=\"color: #ff0000;\">\u015eAM (SANA)<\/span> \u2013 <\/strong>\u015eam Polis Koleji&#8217;nde, Turizm ve \u0130\u00e7i\u015fleri Bakanl\u0131klar\u0131 aras\u0131ndaki ortak i\u015fbirli\u011fi \u00e7er\u00e7evesinde, turistlerin ve turistik alanlar\u0131n g\u00fcvenli\u011finin sa\u011flanmas\u0131 ve ihlallerin kontrol alt\u0131na al\u0131nmas\u0131 amac\u0131yla Turist Polisi Birimi&#8217;nin ilk grup \u00f6\u011frencesi mezun oldu.<\/p>\n<p style=\"text-align: justify;\"><img loading=\"lazy\" decoding=\"async\" class=\"size-medium wp-image-322406 alignright\" src=\"http:\/\/sana.sy\/tr\/wp-content\/uploads\/2025\/06\/3-2-300x198.jpg\" alt=\"\" width=\"300\" height=\"198\" srcset=\"https:\/\/archive.sana.sy\/tr\/wp-content\/uploads\/2025\/06\/3-2-300x198.jpg 300w, https:\/\/archive.sana.sy\/tr\/wp-content\/uploads\/2025\/06\/3-2-310x205.jpg 310w, https:\/\/archive.sana.sy\/tr\/wp-content\/uploads\/2025\/06\/3-2.jpg 700w\" sizes=\"auto, (max-width: 300px) 100vw, 300px\" \/>Turizm Bakan\u0131 Mazen El Salhani, mezuniyet t\u00f6reninde yapt\u0131\u011f\u0131 konu\u015fmada, bakanl\u0131\u011f\u0131n Suriye&#8217;deki turizm sekt\u00f6r\u00fcn\u00fc geli\u015ftirmek ve canland\u0131rmak i\u00e7in yorulmak bilmez \u00e7abalar\u0131n\u0131 s\u00fcrd\u00fcrd\u00fc\u011f\u00fcn\u00fc belirterek, Turizm Polisi Dairesi&#8217;nin kurulmas\u0131n\u0131n, ziyaret\u00e7i g\u00fcvenli\u011fini art\u0131rma ve en \u00fcst d\u00fczeyde hizmet sa\u011flamay\u0131 ama\u00e7layan niteliksel bir ad\u0131m oldu\u011funu vurgulad\u0131. \u200f<\/p>\n<p style=\"text-align: justify;\">Bakan El Salihani, giri\u015fimin ba\u015far\u0131s\u0131n\u0131n b\u00fcy\u00fck \u00f6l\u00e7\u00fcde yerel topluluklar\u0131n deste\u011fine ve i\u015fbirli\u011fine ba\u011fl\u0131 oldu\u011funu, b\u00f6ylece Suriye&#8217;nin \u00f6nde gelen bir turizm merkezi haline gelece\u011fini belirtirken, &#8220;bu hedefe ula\u015fmada ba\u015far\u0131n\u0131n anahtar\u0131, devlet kurumlar\u0131 ile yerel topluluklar\u0131n ortak \u00e7abalar\u0131d\u0131r&#8221; ifadelerini kulland\u0131.<\/p>\n","protected":false},"excerpt":{"rendered":"<p>\u015eAM (SANA) \u2013 \u015eam Polis Koleji&#8217;nde, Turizm ve \u0130\u00e7i\u015fleri Bakanl\u0131klar\u0131 aras\u0131ndaki ortak i\u015fbirli\u011fi \u00e7er\u00e7evesinde, turistlerin ve turistik alanlar\u0131n g\u00fcvenli\u011finin sa\u011flanmas\u0131 ve ihlallerin kontrol alt\u0131na al\u0131nmas\u0131 amac\u0131yla Turist Polisi Birimi&#8217;nin ilk grup \u00f6\u011frencesi mezun oldu. Turizm Bakan\u0131 Mazen El Salhani, mezuniyet t\u00f6reninde yapt\u0131\u011f\u0131 konu\u015fmada, bakanl\u0131\u011f\u0131n Suriye&#8217;deki turizm sekt\u00f6r\u00fcn\u00fc geli\u015ftirmek ve canland\u0131rmak i\u00e7in yorulmak bilmez \u00e7abalar\u0131n\u0131 s\u00fcrd\u00fcrd\u00fc\u011f\u00fcn\u00fc &hellip;<\/p>\n","protected":false},"author":36,"featured_media":322407,"comment_status":"closed","ping_status":"closed","sticky":false,"template":"","format":"standard","meta":{"footnotes":""},"categories":[589,479,17988,478],"tags":[],"class_list":["post-322405","post","type-post","status-publish","format-standard","has-post-thumbnail","","category-haber-seridi","category-haberler-yerel","category-son-haberler","category-yerel"],"_links":{"self":[{"href":"https:\/\/archive.sana.sy\/tr\/index.php?rest_route=\/wp\/v2\/posts\/322405","targetHints":{"allow":["GET"]}}],"collection":[{"href":"https:\/\/archive.sana.sy\/tr\/index.php?rest_route=\/wp\/v2\/posts"}],"about":[{"href":"https:\/\/archive.sana.sy\/tr\/index.php?rest_route=\/wp\/v2\/types\/post"}],"author":[{"embeddable":true,"href":"https:\/\/archive.sana.sy\/tr\/index.php?rest_route=\/wp\/v2\/users\/36"}],"replies":[{"embeddable":true,"href":"https:\/\/archive.sana.sy\/tr\/index.php?rest_route=%2Fwp%2Fv2%2Fcomments&post=322405"}],"version-history":[{"count":2,"href":"https:\/\/archive.sana.sy\/tr\/index.php?rest_route=\/wp\/v2\/posts\/322405\/revisions"}],"predecessor-version":[{"id":322424,"href":"https:\/\/archive.sana.sy\/tr\/index.php?rest_route=\/wp\/v2\/posts\/322405\/revisions\/322424"}],"wp:featuredmedia":[{"embeddable":true,"href":"https:\/\/archive.sana.sy\/tr\/index.php?rest_route=\/wp\/v2\/media\/322407"}],"wp:attachment":[{"href":"https:\/\/archive.sana.sy\/tr\/index.php?rest_route=%2Fwp%2Fv2%2Fmedia&parent=322405"}],"wp:term":[{"taxonomy":"category","embeddable":true,"href":"https:\/\/archive.sana.sy\/tr\/index.php?rest_route=%2Fwp%2Fv2%2Fcategories&post=322405"},{"taxonomy":"post_tag","embeddable":true,"href":"https:\/\/archive.sana.sy\/tr\/index.php?rest_route=%2Fwp%2Fv2%2Ftags&post=322405"}],"curies":[{"name":"wp","href":"https:\/\/api.w.org\/{rel}","templated":true}]}}