{"id":322409,"date":"2025-06-02T13:17:34","date_gmt":"2025-06-02T10:17:34","guid":{"rendered":"https:\/\/sana.sy\/tr\/?p=322409"},"modified":"2025-06-02T15:20:57","modified_gmt":"2025-06-02T12:20:57","slug":"almanya-suriye-hukumeti-ile-sdg-arasindaki-gorusmelerde-ilerleme-kaydedilmesinden-memnuniyet-duyuyor","status":"publish","type":"post","link":"https:\/\/archive.sana.sy\/tr\/?p=322409","title":{"rendered":"Almanya, Suriye H\u00fck\u00fcmeti \u0130le SDG Aras\u0131ndaki G\u00f6r\u00fc\u015fmelerde \u0130lerleme Kaydedilmesinden Memnuniyet Duyuyor"},"content":{"rendered":"<p style=\"text-align: justify;\"><strong><span style=\"color: #ff0000;\">\u015eAM (SANA)<\/span> \u2013 <\/strong>Almanya&#8217;n\u0131n Suriye B\u00fcy\u00fckel\u00e7isi Stefan Schnecke, Suriye h\u00fck\u00fcmeti ile Suriye Demokratik G\u00fc\u00e7leri temsilcileri aras\u0131ndaki g\u00f6r\u00fc\u015fmelerde kaydedilen &#8220;ilerlemeden&#8221; dolay\u0131 \u00fclkesinin memnuniyet duydu\u011funu ifade etti.<\/p>\n<p style=\"text-align: justify;\">Schnecke, X platformunda yapt\u0131\u011f\u0131 payla\u015f\u0131mda, &#8220;Suriye&#8217;de kalan t\u00fcm sorunlara uzla\u015fma ruhuyla bar\u0131\u015f\u00e7\u0131l bir \u00e7\u00f6z\u00fcm bulunmas\u0131, t\u00fcm Suriyeliler i\u00e7in daha iyi bir gelecek i\u00e7in kapsaml\u0131 ve s\u00fcrd\u00fcr\u00fclebilir bir s\u00fcrece \u00f6nemli bir katk\u0131d\u0131r&#8221; diyerek, &#8220;Almanya bu s\u00fcreci desteklemeye devam ediyor&#8221; ifadelerini s\u00f6zlerine ekledi.<\/p>\n","protected":false},"excerpt":{"rendered":"<p>\u015eAM (SANA) \u2013 Almanya&#8217;n\u0131n Suriye B\u00fcy\u00fckel\u00e7isi Stefan Schnecke, Suriye h\u00fck\u00fcmeti ile Suriye Demokratik G\u00fc\u00e7leri temsilcileri aras\u0131ndaki g\u00f6r\u00fc\u015fmelerde kaydedilen &#8220;ilerlemeden&#8221; dolay\u0131 \u00fclkesinin memnuniyet duydu\u011funu ifade etti. Schnecke, X platformunda yapt\u0131\u011f\u0131 payla\u015f\u0131mda, &#8220;Suriye&#8217;de kalan t\u00fcm sorunlara uzla\u015fma ruhuyla bar\u0131\u015f\u00e7\u0131l bir \u00e7\u00f6z\u00fcm bulunmas\u0131, t\u00fcm Suriyeliler i\u00e7in daha iyi bir gelecek i\u00e7in kapsaml\u0131 ve s\u00fcrd\u00fcr\u00fclebilir bir s\u00fcrece \u00f6nemli bir &hellip;<\/p>\n","protected":false},"author":36,"featured_media":322410,"comment_status":"closed","ping_status":"closed","sticky":false,"template":"","format":"standard","meta":{"footnotes":""},"categories":[589,479,17988,478],"tags":[],"class_list":["post-322409","post","type-post","status-publish","format-standard","has-post-thumbnail","","category-haber-seridi","category-haberler-yerel","category-son-haberler","category-yerel"],"_links":{"self":[{"href":"https:\/\/archive.sana.sy\/tr\/index.php?rest_route=\/wp\/v2\/posts\/322409","targetHints":{"allow":["GET"]}}],"collection":[{"href":"https:\/\/archive.sana.sy\/tr\/index.php?rest_route=\/wp\/v2\/posts"}],"about":[{"href":"https:\/\/archive.sana.sy\/tr\/index.php?rest_route=\/wp\/v2\/types\/post"}],"author":[{"embeddable":true,"href":"https:\/\/archive.sana.sy\/tr\/index.php?rest_route=\/wp\/v2\/users\/36"}],"replies":[{"embeddable":true,"href":"https:\/\/archive.sana.sy\/tr\/index.php?rest_route=%2Fwp%2Fv2%2Fcomments&post=322409"}],"version-history":[{"count":3,"href":"https:\/\/archive.sana.sy\/tr\/index.php?rest_route=\/wp\/v2\/posts\/322409\/revisions"}],"predecessor-version":[{"id":322423,"href":"https:\/\/archive.sana.sy\/tr\/index.php?rest_route=\/wp\/v2\/posts\/322409\/revisions\/322423"}],"wp:featuredmedia":[{"embeddable":true,"href":"https:\/\/archive.sana.sy\/tr\/index.php?rest_route=\/wp\/v2\/media\/322410"}],"wp:attachment":[{"href":"https:\/\/archive.sana.sy\/tr\/index.php?rest_route=%2Fwp%2Fv2%2Fmedia&parent=322409"}],"wp:term":[{"taxonomy":"category","embeddable":true,"href":"https:\/\/archive.sana.sy\/tr\/index.php?rest_route=%2Fwp%2Fv2%2Fcategories&post=322409"},{"taxonomy":"post_tag","embeddable":true,"href":"https:\/\/archive.sana.sy\/tr\/index.php?rest_route=%2Fwp%2Fv2%2Ftags&post=322409"}],"curies":[{"name":"wp","href":"https:\/\/api.w.org\/{rel}","templated":true}]}}