{"id":322412,"date":"2025-06-02T14:06:46","date_gmt":"2025-06-02T11:06:46","guid":{"rendered":"https:\/\/sana.sy\/tr\/?p=322412"},"modified":"2025-06-02T18:59:58","modified_gmt":"2025-06-02T15:59:58","slug":"suriye-urdun-bilisim-alaninda-isbirligi-gorusmeleri","status":"publish","type":"post","link":"https:\/\/archive.sana.sy\/tr\/?p=322412","title":{"rendered":"Bilgi Teknolojileri Alan\u0131nda \u0130\u015f Birli\u011fini Art\u0131rmak \u0130\u00e7in Suriye-\u00dcrd\u00fcn G\u00f6r\u00fc\u015fmeleri D\u00fczenlendi"},"content":{"rendered":"<p style=\"text-align: justify;\"><strong><span style=\"color: #ff0000;\">\u015eAM (SANA)<\/span> \u2013 <\/strong>\u0130leti\u015fim ve Enformasyon Teknolojileri Bakan\u0131 Say\u0131n Abdusselam Heykel ile \u00dcrd\u00fcn Ha\u015fimi Krall\u0131\u011f\u0131 Dijital Ekonomi ve Giri\u015fimcilik Bakan\u0131 M\u00fch. Sami Smeirat, Zoom \u00fczerinden g\u00f6r\u00fcnt\u00fcl\u00fc konferans yoluyla ger\u00e7ekle\u015ftirdikleri ikili g\u00f6r\u00fc\u015fmede, iki \u00fclke aras\u0131nda ileti\u015fim ve enformasyon teknolojileri alan\u0131nda ortak i\u015f birli\u011finin y\u00f6nlerini ele ald\u0131.<\/p>\n<p style=\"text-align: justify;\">Toplant\u0131da, her iki \u00fclkeye de hizmet verecek Akdeniz&#8217;deki denizalt\u0131 kablo koridorlar\u0131n\u0131n etkinle\u015ftirilmesi, telekom\u00fcnikasyon ve internet a\u011flar\u0131 i\u00e7in alternatif g\u00fczergahlar sa\u011flamak amac\u0131yla ortak i\u015f birli\u011fi alanlar\u0131 ve \u00dcrd\u00fcn&#8217;\u00fcn, kapasitesi 100 terabayta kadar \u00e7\u0131kabilen kablolar\u0131n uzat\u0131lmas\u0131 ve \u00dcrd\u00fcn fiber optik a\u011flar\u0131na ba\u011flanarak hizmet s\u00fcrd\u00fcr\u00fclebilirli\u011fini destekleyen alternatif g\u00fczergahlar sa\u011flanmas\u0131 yoluyla \u00f6nemli bir internet ge\u00e7i\u015f noktas\u0131 haline getirilmesi olas\u0131l\u0131\u011f\u0131 ele al\u0131nd\u0131.<\/p>\n<p style=\"text-align: justify;\">\u00dcrd\u00fcn taraf\u0131 ise Suriye&#8217;nin B\u0130T sekt\u00f6r\u00fcn\u00fc desteklemek i\u00e7in t\u00fcm mevcut kaynaklar\u0131 harekete ge\u00e7irme ve \u00dcrd\u00fcn \u015firketlerine bu hayati sekt\u00f6rdeki teknoloji ve yat\u0131r\u0131m projelerine katk\u0131da bulunma f\u0131rsat\u0131 sa\u011flama taahh\u00fcd\u00fcn\u00fc teyit etti.<\/p>\n<p style=\"text-align: justify;\">Toplant\u0131da, 20 May\u0131s&#8217;ta \u015eam&#8217;da imzalanan Y\u00fcksek Koordinasyon Kurulu \u00e7er\u00e7evesinde iki bakanl\u0131k aras\u0131ndaki koordinasyonun s\u00fcrd\u00fcr\u00fclmesi ve i\u015f birli\u011fi kanallar\u0131n\u0131n g\u00fc\u00e7lendirilmesi konusunda mutabakata var\u0131ld\u0131.<\/p>\n","protected":false},"excerpt":{"rendered":"<p>\u015eAM (SANA) \u2013 \u0130leti\u015fim ve Enformasyon Teknolojileri Bakan\u0131 Say\u0131n Abdusselam Heykel ile \u00dcrd\u00fcn Ha\u015fimi Krall\u0131\u011f\u0131 Dijital Ekonomi ve Giri\u015fimcilik Bakan\u0131 M\u00fch. Sami Smeirat, Zoom \u00fczerinden g\u00f6r\u00fcnt\u00fcl\u00fc konferans yoluyla ger\u00e7ekle\u015ftirdikleri ikili g\u00f6r\u00fc\u015fmede, iki \u00fclke aras\u0131nda ileti\u015fim ve enformasyon teknolojileri alan\u0131nda ortak i\u015f birli\u011finin y\u00f6nlerini ele ald\u0131. Toplant\u0131da, her iki \u00fclkeye de hizmet verecek Akdeniz&#8217;deki denizalt\u0131 kablo &hellip;<\/p>\n","protected":false},"author":36,"featured_media":322413,"comment_status":"closed","ping_status":"closed","sticky":false,"template":"","format":"standard","meta":{"footnotes":""},"categories":[589,479,17988,478],"tags":[],"class_list":["post-322412","post","type-post","status-publish","format-standard","has-post-thumbnail","","category-haber-seridi","category-haberler-yerel","category-son-haberler","category-yerel"],"_links":{"self":[{"href":"https:\/\/archive.sana.sy\/tr\/index.php?rest_route=\/wp\/v2\/posts\/322412","targetHints":{"allow":["GET"]}}],"collection":[{"href":"https:\/\/archive.sana.sy\/tr\/index.php?rest_route=\/wp\/v2\/posts"}],"about":[{"href":"https:\/\/archive.sana.sy\/tr\/index.php?rest_route=\/wp\/v2\/types\/post"}],"author":[{"embeddable":true,"href":"https:\/\/archive.sana.sy\/tr\/index.php?rest_route=\/wp\/v2\/users\/36"}],"replies":[{"embeddable":true,"href":"https:\/\/archive.sana.sy\/tr\/index.php?rest_route=%2Fwp%2Fv2%2Fcomments&post=322412"}],"version-history":[{"count":4,"href":"https:\/\/archive.sana.sy\/tr\/index.php?rest_route=\/wp\/v2\/posts\/322412\/revisions"}],"predecessor-version":[{"id":322446,"href":"https:\/\/archive.sana.sy\/tr\/index.php?rest_route=\/wp\/v2\/posts\/322412\/revisions\/322446"}],"wp:featuredmedia":[{"embeddable":true,"href":"https:\/\/archive.sana.sy\/tr\/index.php?rest_route=\/wp\/v2\/media\/322413"}],"wp:attachment":[{"href":"https:\/\/archive.sana.sy\/tr\/index.php?rest_route=%2Fwp%2Fv2%2Fmedia&parent=322412"}],"wp:term":[{"taxonomy":"category","embeddable":true,"href":"https:\/\/archive.sana.sy\/tr\/index.php?rest_route=%2Fwp%2Fv2%2Fcategories&post=322412"},{"taxonomy":"post_tag","embeddable":true,"href":"https:\/\/archive.sana.sy\/tr\/index.php?rest_route=%2Fwp%2Fv2%2Ftags&post=322412"}],"curies":[{"name":"wp","href":"https:\/\/api.w.org\/{rel}","templated":true}]}}