{"id":322415,"date":"2025-06-02T14:30:23","date_gmt":"2025-06-02T11:30:23","guid":{"rendered":"https:\/\/sana.sy\/tr\/?p=322415"},"modified":"2025-06-02T15:11:59","modified_gmt":"2025-06-02T12:11:59","slug":"almanya-disisleri-bakanligi-suriyeye-yonelik-yaptirimlarin-kaldirilmasi-suriye-halkinin-yeniden-yapilanma-sorumlulugunu-ustlenmesine-olanak-sagliyor","status":"publish","type":"post","link":"https:\/\/archive.sana.sy\/tr\/?p=322415","title":{"rendered":"Almanya D\u0131\u015fi\u015fleri Bakanl\u0131\u011f\u0131: Suriye&#8217;ye Y\u00f6nelik Yapt\u0131r\u0131mlar\u0131n Kald\u0131r\u0131lmas\u0131, Suriye Halk\u0131n\u0131n Yeniden Yap\u0131lanma Sorumlulu\u011funu \u00dcstlenmesine Olanak Sa\u011fl\u0131yor"},"content":{"rendered":"<p style=\"text-align: justify;\"><strong><span style=\"color: #ff0000;\">BERL\u0130N (SANA)<\/span> \u2013 <\/strong>Almanya D\u0131\u015fi\u015fleri Bakanl\u0131\u011f\u0131, Suriye&#8217;ye y\u00f6nelik yapt\u0131r\u0131mlar\u0131n kald\u0131r\u0131lmas\u0131n\u0131n, Suriye halk\u0131n\u0131n yeniden in\u015fa s\u00fcrecini kendi ba\u015f\u0131na \u00fcstlenmesine olanak sa\u011flayaca\u011f\u0131n\u0131 belirtti.<\/p>\n<p style=\"text-align: justify;\">Almanya D\u0131\u015fi\u015fleri Bakanl\u0131\u011f\u0131 Ortado\u011fu ve Kuzey Afrika S\u00f6zc\u00fcs\u00fc Annika Klassen-\u0130dris, bug\u00fcn El Arabiya El Hadath&#8217;a verdi\u011fi televizyon a\u00e7\u0131klamas\u0131nda: &#8220;Almanya, Suriye ge\u00e7i\u015f s\u00fcrecini kapsaml\u0131 bir \u015fekilde desteklemeye haz\u0131rd\u0131r ve Br\u00fcksel&#8217;deki Suriye Konferans\u0131&#8217;nda Suriye halk\u0131na destek amac\u0131yla 300 milyon avro taahh\u00fctte bulunmu\u015ftur&#8221; dedi.<\/p>\n<p style=\"text-align: justify;\">Almanya D\u0131\u015fi\u015fleri Bakanl\u0131\u011f\u0131 S\u00f6zc\u00fcs\u00fc ayr\u0131ca, Avrupa Birli\u011fi ile t\u00fcm \u00f6nceki ekonomik yapt\u0131r\u0131mlar\u0131n kald\u0131r\u0131lmas\u0131 konusunda anla\u015fmaya var\u0131lmas\u0131ndan duydu\u011fu memnuniyeti dile getirdi.<\/p>\n<p style=\"text-align: justify;\">Klassen-\u0130dris, \u00fclkesinin ayn\u0131 zamanda g\u00fcvenlik a\u00e7\u0131s\u0131ndan \u00f6nem ta\u015f\u0131yan yapt\u0131r\u0131mlar\u0131 s\u00fcrd\u00fcrece\u011fini vurgularken, bu ba\u011flamda eski rejim unsurlar\u0131na ve kimyasal silah program\u0131na y\u00f6nelik yapt\u0131r\u0131mlar\u0131n s\u00fcrd\u00fcr\u00fclmesinin \u00f6nemine i\u015faret etti.<\/p>\n<p style=\"text-align: justify;\">\u00a0\u201cY\u0131llarca s\u00fcren diktat\u00f6rl\u00fck ve sava\u015ftan sonra Suriye&#8217;deki siyasi d\u00f6n\u00fc\u015f\u00fcm\u00fcn tarihi bir f\u0131rsat oldu\u011funu belirten lmanya D\u0131\u015fi\u015fleri Bakanl\u0131\u011f\u0131 S\u00f6zc\u00fcs\u00fc, yeni Suriye h\u00fck\u00fcmetinin \u015fimdi \u00fclkeyi t\u00fcm bile\u015fenleri ve n\u00fcfus gruplar\u0131yla kal\u0131c\u0131 bar\u0131\u015fa y\u00f6nlendirme g\u00f6revine sahip oldu\u011funu ve ayn\u0131 zamanda ge\u00e7mi\u015fin ihlallerini da ele ald\u0131\u011f\u0131n\u0131 belirtti.<\/p>\n<p style=\"text-align: justify;\">Almanya D\u0131\u015fi\u015fleri Bakanl\u0131\u011f\u0131 S\u00f6zc\u00fcs\u00fc a\u00e7\u0131klmas\u0131nda da , \u00fclkesinin ve Avrupa Birli\u011fi&#8217;nin durumu yak\u0131ndan izledi\u011fini de kaydetti.<\/p>\n","protected":false},"excerpt":{"rendered":"<p>BERL\u0130N (SANA) \u2013 Almanya D\u0131\u015fi\u015fleri Bakanl\u0131\u011f\u0131, Suriye&#8217;ye y\u00f6nelik yapt\u0131r\u0131mlar\u0131n kald\u0131r\u0131lmas\u0131n\u0131n, Suriye halk\u0131n\u0131n yeniden in\u015fa s\u00fcrecini kendi ba\u015f\u0131na \u00fcstlenmesine olanak sa\u011flayaca\u011f\u0131n\u0131 belirtti. Almanya D\u0131\u015fi\u015fleri Bakanl\u0131\u011f\u0131 Ortado\u011fu ve Kuzey Afrika S\u00f6zc\u00fcs\u00fc Annika Klassen-\u0130dris, bug\u00fcn El Arabiya El Hadath&#8217;a verdi\u011fi televizyon a\u00e7\u0131klamas\u0131nda: &#8220;Almanya, Suriye ge\u00e7i\u015f s\u00fcrecini kapsaml\u0131 bir \u015fekilde desteklemeye haz\u0131rd\u0131r ve Br\u00fcksel&#8217;deki Suriye Konferans\u0131&#8217;nda Suriye halk\u0131na destek &hellip;<\/p>\n","protected":false},"author":36,"featured_media":322416,"comment_status":"closed","ping_status":"closed","sticky":false,"template":"","format":"standard","meta":{"footnotes":""},"categories":[458,589,459,17988],"tags":[],"class_list":["post-322415","post","type-post","status-publish","format-standard","has-post-thumbnail","","category-dunya1","category-haber-seridi","category-haberler-arap-uluslararasi-politika","category-son-haberler"],"_links":{"self":[{"href":"https:\/\/archive.sana.sy\/tr\/index.php?rest_route=\/wp\/v2\/posts\/322415","targetHints":{"allow":["GET"]}}],"collection":[{"href":"https:\/\/archive.sana.sy\/tr\/index.php?rest_route=\/wp\/v2\/posts"}],"about":[{"href":"https:\/\/archive.sana.sy\/tr\/index.php?rest_route=\/wp\/v2\/types\/post"}],"author":[{"embeddable":true,"href":"https:\/\/archive.sana.sy\/tr\/index.php?rest_route=\/wp\/v2\/users\/36"}],"replies":[{"embeddable":true,"href":"https:\/\/archive.sana.sy\/tr\/index.php?rest_route=%2Fwp%2Fv2%2Fcomments&post=322415"}],"version-history":[{"count":3,"href":"https:\/\/archive.sana.sy\/tr\/index.php?rest_route=\/wp\/v2\/posts\/322415\/revisions"}],"predecessor-version":[{"id":322419,"href":"https:\/\/archive.sana.sy\/tr\/index.php?rest_route=\/wp\/v2\/posts\/322415\/revisions\/322419"}],"wp:featuredmedia":[{"embeddable":true,"href":"https:\/\/archive.sana.sy\/tr\/index.php?rest_route=\/wp\/v2\/media\/322416"}],"wp:attachment":[{"href":"https:\/\/archive.sana.sy\/tr\/index.php?rest_route=%2Fwp%2Fv2%2Fmedia&parent=322415"}],"wp:term":[{"taxonomy":"category","embeddable":true,"href":"https:\/\/archive.sana.sy\/tr\/index.php?rest_route=%2Fwp%2Fv2%2Fcategories&post=322415"},{"taxonomy":"post_tag","embeddable":true,"href":"https:\/\/archive.sana.sy\/tr\/index.php?rest_route=%2Fwp%2Fv2%2Ftags&post=322415"}],"curies":[{"name":"wp","href":"https:\/\/api.w.org\/{rel}","templated":true}]}}